{"id":150577,"date":"2026-08-31T16:50:12","date_gmt":"2026-08-31T13:50:12","guid":{"rendered":"https:\/\/www.kibrishost.com\/tak\/israil-isgal-altindaki-bati-seriada-filistinlilere-ait-370-donumluk-araziyi-daha-gasbetti\/"},"modified":"2026-08-31T16:50:12","modified_gmt":"2026-08-31T13:50:12","slug":"israil-isgal-altindaki-bati-seriada-filistinlilere-ait-370-donumluk-araziyi-daha-gasbetti","status":"publish","type":"post","link":"https:\/\/www.kibrishost.com\/tak\/israil-isgal-altindaki-bati-seriada-filistinlilere-ait-370-donumluk-araziyi-daha-gasbetti\/","title":{"rendered":"\u0130srail, i\u015fgal alt\u0131ndaki Bat\u0131 \u015eeria&#8217;da Filistinlilere ait 370 d\u00f6n\u00fcml\u00fck araziyi daha gasbetti"},"content":{"rendered":"<p>\u0130srail&#8217;in a\u015f\u0131r\u0131 sa\u011fc\u0131 Maliye Bakan\u0131 Bezalel Smotrich, i\u015fgal alt\u0131ndaki Bat\u0131 \u015eeria&#8217;da yeni bir yasa d\u0131\u015f\u0131 &#8220;Yahudi yerle\u015fimi&#8221; kurmak \u00fczere 370 d\u00f6n\u00fcml\u00fck Filistin arazisinin yerle\u015fime a\u00e7\u0131ld\u0131\u011f\u0131n\u0131 bildirdi.<\/p>\n<p>Smotrich, Amerikan X \u015firketinin sosyal medya platformundaki hesab\u0131ndan yapt\u0131\u011f\u0131 a\u00e7\u0131klamada, i\u015fgal alt\u0131ndaki Bat\u0131 \u015eeria&#8217;n\u0131n Gush Etzion b\u00f6lgesinde, &#8220;Mi\u015fmar Yehuda&#8221; ad\u0131yla yeni bir &#8220;yerle\u015fim yeri&#8221; ilan ettiklerini duyurdu.<\/p>\n<p>Eski Genelkurmay Ba\u015fkan\u0131 ve Yashar Partisi lideri Gadi Eisenkot, eski \u0130srail Savunma Bakan\u0131 ve \u0130srail Evimiz Partisi&#8217;nin lideri Avigdor Liberman ve Demokratlar Partisi lideri Yair Golan&#8217;\u0131n &#8220;yerle\u015fimleri y\u0131kmak&#8221; ve Filistin devleti kurmak istediklerini savunan Smotrich, mevcut koalisyon h\u00fck\u00fcmetinin ise i\u015fgal alt\u0131ndaki Filistin&#8217;de toprak gasplar\u0131n\u0131 geni\u015fletti\u011fini belirtti.<\/p>\n<p>Smotrich, 28 A\u011fustos&#8217;ta yapt\u0131\u011f\u0131 a\u00e7\u0131klamada, \u0130srail vatanda\u015f\u0131 Filistinlilerin (1948 Araplar\u0131) ya\u015fad\u0131\u011f\u0131 Celile ve Necef b\u00f6lgelerini i\u015fgal etti\u011fini \u00f6ne s\u00fcrerek, se\u00e7im kampanyas\u0131 \u00e7er\u00e7evesinde i\u015fgal alt\u0131ndaki Bat\u0131 \u015eeria&#8217;daki gasp politikalar\u0131n\u0131, Arap \u00e7o\u011funluklu b\u00f6lgelerine \u201cta\u015f\u0131yaca\u011f\u0131n\u0131 ve buralar\u0131 Yahudile\u015ftirece\u011fini\u201d savunmu\u015ftu.<\/p>\n<p>(AA\/ID\/YIL)\u00a0<\/p><\/p>\n","protected":false},"excerpt":{"rendered":"<p>\u0130srail&#8217;in a\u015f\u0131r\u0131 sa\u011fc\u0131 Maliye Bakan\u0131 Bezalel Smotrich, i\u015fgal alt\u0131ndaki Bat\u0131 \u015eeria&#8217;da yeni bir yasa d\u0131\u015f\u0131 &#8220;Yahudi yerle\u015fimi&#8221; kurmak \u00fczere 370 d\u00f6n\u00fcml\u00fck Filistin arazisinin yerle\u015fime a\u00e7\u0131ld\u0131\u011f\u0131n\u0131 bildirdi. Smotrich, Amerikan X \u015firketinin sosyal medya platformundaki hesab\u0131ndan yapt\u0131\u011f\u0131 a\u00e7\u0131klamada, i\u015fgal alt\u0131ndaki Bat\u0131 \u015eeria&#8217;n\u0131n Gush Etzion b\u00f6lgesinde, &#8220;Mi\u015fmar Yehuda&#8221; ad\u0131yla yeni bir &#8220;yerle\u015fim yeri&#8221; ilan ettiklerini duyurdu. Eski Genelkurmay &hellip;<\/p>\n","protected":false},"author":1,"featured_media":150578,"comment_status":"open","ping_status":"open","sticky":false,"template":"","format":"standard","meta":{"footnotes":""},"categories":[4],"tags":[10905,63,831,46812,329,1436,3271,3089,46813,4000,372,2128],"class_list":["post-150577","post","type-post","status-publish","format-standard","has-post-thumbnail","hentry","category-dunya","tag-10905","tag-ait","tag-altindaki","tag-araziyi","tag-bati","tag-daha","tag-donumluk","tag-filistinlilere","tag-gasbetti","tag-isgal","tag-israil","tag-seriada"],"_links":{"self":[{"href":"https:\/\/www.kibrishost.com\/tak\/wp-json\/wp\/v2\/posts\/150577"}],"collection":[{"href":"https:\/\/www.kibrishost.com\/tak\/wp-json\/wp\/v2\/posts"}],"about":[{"href":"https:\/\/www.kibrishost.com\/tak\/wp-json\/wp\/v2\/types\/post"}],"author":[{"embeddable":true,"href":"https:\/\/www.kibrishost.com\/tak\/wp-json\/wp\/v2\/users\/1"}],"replies":[{"embeddable":true,"href":"https:\/\/www.kibrishost.com\/tak\/wp-json\/wp\/v2\/comments?post=150577"}],"version-history":[{"count":0,"href":"https:\/\/www.kibrishost.com\/tak\/wp-json\/wp\/v2\/posts\/150577\/revisions"}],"wp:featuredmedia":[{"embeddable":true,"href":"https:\/\/www.kibrishost.com\/tak\/wp-json\/wp\/v2\/media\/150578"}],"wp:attachment":[{"href":"https:\/\/www.kibrishost.com\/tak\/wp-json\/wp\/v2\/media?parent=150577"}],"wp:term":[{"taxonomy":"category","embeddable":true,"href":"https:\/\/www.kibrishost.com\/tak\/wp-json\/wp\/v2\/categories?post=150577"},{"taxonomy":"post_tag","embeddable":true,"href":"https:\/\/www.kibrishost.com\/tak\/wp-json\/wp\/v2\/tags?post=150577"}],"curies":[{"name":"wp","href":"https:\/\/api.w.org\/{rel}","templated":true}]}}