{"id":150573,"date":"2026-08-31T16:30:20","date_gmt":"2026-08-31T13:30:20","guid":{"rendered":"https:\/\/www.kibrishost.com\/tak\/evrensel-hasta-haklari-dernegi-insanlar-sevdiklerini-bulabilmek-icin-hastane-hastane-dolasmak-zorunda-kaldi\/"},"modified":"2026-08-31T16:30:20","modified_gmt":"2026-08-31T13:30:20","slug":"evrensel-hasta-haklari-dernegi-insanlar-sevdiklerini-bulabilmek-icin-hastane-hastane-dolasmak-zorunda-kaldi","status":"publish","type":"post","link":"https:\/\/www.kibrishost.com\/tak\/evrensel-hasta-haklari-dernegi-insanlar-sevdiklerini-bulabilmek-icin-hastane-hastane-dolasmak-zorunda-kaldi\/","title":{"rendered":"Evrensel Hasta Haklar\u0131 Derne\u011fi: &#8220;\u0130nsanlar sevdiklerini bulabilmek i\u00e7in hastane hastane dola\u015fmak zorunda kald\u0131&#8221;"},"content":{"rendered":"<p>Evrensel Hasta Haklar\u0131 Derne\u011fi, feribot facias\u0131n\u0131n ard\u0131ndan kriz s\u00fcrecinin do\u011fru y\u00f6netilemedi\u011fini savundu.Dernekten yap\u0131lan yaz\u0131l\u0131 a\u00e7\u0131klamada, arama kurtarma s\u00fcrecinde &#8220;ciddi koordinasyonsuzluk&#8221; g\u00f6zlemlendi\u011fi iddia edildi. A\u00e7\u0131klamada \u015f\u00f6yle denildi: &#8220;\u0130lk saatlerde yaral\u0131, kay\u0131p ve hastanelere sevk edilen ki\u015filere ili\u015fkin merkezi, do\u011frulanm\u0131\u015f ve yak\u0131nlar\u0131n eri\u015febilece\u011fi d\u00fczenli bir bilgilendirme sistemi olu\u015fturulamad\u0131. \u0130nsanlar sevdiklerini bulabilmek i\u00e7in hastane hastane dola\u015fmak, sosyal medyada payla\u015f\u0131lan par\u00e7a par\u00e7a ve do\u011frulanmam\u0131\u015f listelerin pe\u015fine d\u00fc\u015fmek zorunda kald\u0131. Bug\u00fcn h\u00e2l\u00e2 yak\u0131nlar\u0131na sa\u011fl\u0131kl\u0131 bilgi verilmedi\u011fini s\u00f6yleyen insanlar var&#8221;\u00a0Hasta ve yaral\u0131lar\u0131n isimlerinin kamuoyuna a\u00e7\u0131k bi\u00e7imde payla\u015f\u0131lmamas\u0131n\u0131n do\u011fru oldu\u011fu ifade edilen a\u00e7\u0131klamada, &#8220;Ki\u015fisel verilerin korunmas\u0131 mahremiyet hakk\u0131n\u0131n gere\u011fidir, ancak bilgiyi kamuya a\u00e7\u0131klamamak ba\u015fka, do\u011frulanm\u0131\u015f bilgiyi yetkilendirilmi\u015f yak\u0131nlar\u0131na zaman\u0131nda ve g\u00fcvenli bi\u00e7imde ula\u015ft\u0131rmamak ba\u015fkad\u0131r.&#8221; denildi.Gemide bulunanlar\u0131n yak\u0131nlar\u0131n\u0131n tek bir resm\u00ee merkezden d\u00fczenli ve do\u011frulanm\u0131\u015f bilgi alabilmesi gerekti\u011fi kaydedilen a\u00e7\u0131klamada, &#8220;Kriz y\u00f6netimi, insanlar\u0131 hastane kap\u0131lar\u0131nda ve sosyal medya payla\u015f\u0131mlar\u0131nda sevdiklerini aramak zorunda b\u0131rakmamal\u0131yd\u0131.&#8221; denildi.Yarg\u0131 s\u00fcrecinin; &#8220;yaln\u0131zca g\u00f6r\u00fcnen sorumlularla&#8221; s\u0131n\u0131rl\u0131 tutulmamas\u0131 gerekti\u011fi, ilgili t\u00fcm kararlar, ihmaller ve denetim zincirinin incelenmesi gerekti\u011fi ifade edildi. Felaket sonras\u0131 kriz s\u00fcrecinin de sorgulanmas\u0131 gerekti\u011fi kaydedildi.(ID\/YIL)<\/p><\/p>\n","protected":false},"excerpt":{"rendered":"<p>Evrensel Hasta Haklar\u0131 Derne\u011fi, feribot facias\u0131n\u0131n ard\u0131ndan kriz s\u00fcrecinin do\u011fru y\u00f6netilemedi\u011fini savundu.Dernekten yap\u0131lan yaz\u0131l\u0131 a\u00e7\u0131klamada, arama kurtarma s\u00fcrecinde &#8220;ciddi koordinasyonsuzluk&#8221; g\u00f6zlemlendi\u011fi iddia edildi. A\u00e7\u0131klamada \u015f\u00f6yle denildi: &#8220;\u0130lk saatlerde yaral\u0131, kay\u0131p ve hastanelere sevk edilen ki\u015filere ili\u015fkin merkezi, do\u011frulanm\u0131\u015f ve yak\u0131nlar\u0131n eri\u015febilece\u011fi d\u00fczenli bir bilgilendirme sistemi olu\u015fturulamad\u0131. \u0130nsanlar sevdiklerini bulabilmek i\u00e7in hastane hastane dola\u015fmak, sosyal medyada &hellip;<\/p>\n","protected":false},"author":1,"featured_media":150574,"comment_status":"open","ping_status":"open","sticky":false,"template":"","format":"standard","meta":{"footnotes":""},"categories":[2],"tags":[48653,31,48654,3942,1288,7007,583,116,7984,3285,48652,8910],"class_list":["post-150573","post","type-post","status-publish","format-standard","has-post-thumbnail","hentry","category-kibris","tag-bulabilmek","tag-dernegi","tag-dolasmak","tag-evrensel","tag-haklari","tag-hasta","tag-hastane","tag-icin","tag-insanlar","tag-kaldi","tag-sevdiklerini","tag-zorunda"],"_links":{"self":[{"href":"https:\/\/www.kibrishost.com\/tak\/wp-json\/wp\/v2\/posts\/150573"}],"collection":[{"href":"https:\/\/www.kibrishost.com\/tak\/wp-json\/wp\/v2\/posts"}],"about":[{"href":"https:\/\/www.kibrishost.com\/tak\/wp-json\/wp\/v2\/types\/post"}],"author":[{"embeddable":true,"href":"https:\/\/www.kibrishost.com\/tak\/wp-json\/wp\/v2\/users\/1"}],"replies":[{"embeddable":true,"href":"https:\/\/www.kibrishost.com\/tak\/wp-json\/wp\/v2\/comments?post=150573"}],"version-history":[{"count":0,"href":"https:\/\/www.kibrishost.com\/tak\/wp-json\/wp\/v2\/posts\/150573\/revisions"}],"wp:featuredmedia":[{"embeddable":true,"href":"https:\/\/www.kibrishost.com\/tak\/wp-json\/wp\/v2\/media\/150574"}],"wp:attachment":[{"href":"https:\/\/www.kibrishost.com\/tak\/wp-json\/wp\/v2\/media?parent=150573"}],"wp:term":[{"taxonomy":"category","embeddable":true,"href":"https:\/\/www.kibrishost.com\/tak\/wp-json\/wp\/v2\/categories?post=150573"},{"taxonomy":"post_tag","embeddable":true,"href":"https:\/\/www.kibrishost.com\/tak\/wp-json\/wp\/v2\/tags?post=150573"}],"curies":[{"name":"wp","href":"https:\/\/api.w.org\/{rel}","templated":true}]}}