{"id":150566,"date":"2026-08-31T16:20:12","date_gmt":"2026-08-31T13:20:12","guid":{"rendered":"https:\/\/www.kibrishost.com\/tak\/fox-news-trump-iranin-urdundeki-abd-hava-uslerini-hedef-almasina-karsilik-vereceklerini-soyledi\/"},"modified":"2026-08-31T16:20:12","modified_gmt":"2026-08-31T13:20:12","slug":"fox-news-trump-iranin-urdundeki-abd-hava-uslerini-hedef-almasina-karsilik-vereceklerini-soyledi","status":"publish","type":"post","link":"https:\/\/www.kibrishost.com\/tak\/fox-news-trump-iranin-urdundeki-abd-hava-uslerini-hedef-almasina-karsilik-vereceklerini-soyledi\/","title":{"rendered":"Fox News: &#8220;Trump, \u0130ran&#8217;\u0131n \u00dcrd\u00fcn&#8217;deki ABD hava \u00fcslerini hedef almas\u0131na kar\u015f\u0131l\u0131k vereceklerini s\u00f6yledi&#8221;"},"content":{"rendered":"<p>ABD Ba\u015fkan\u0131 Donald Trump, ABD&#8217;nin d\u00fcn gece H\u00fcrm\u00fcz Bo\u011faz\u0131 yak\u0131nlar\u0131ndaki Lark Adas\u0131&#8217;na sald\u0131r\u0131lar\u0131 sonras\u0131 \u0130ran&#8217;\u0131n \u00dcrd\u00fcn&#8217;deki ABD hava \u00fcslerini balistik f\u00fczelerle hedef almas\u0131n\u0131n ard\u0131ndan bu sald\u0131r\u0131lara kar\u015f\u0131l\u0131k vereceklerini a\u00e7\u0131klad\u0131.<\/p>\n<p>Fox News muhabiri Trey Yingst, Trump ile yapt\u0131\u011f\u0131 r\u00f6portajdan ABD Ba\u015fkan\u0131&#8217;n\u0131n \u0130ran&#8217;a ili\u015fkin de\u011ferlendirmelerini aktard\u0131.<\/p>\n<p>Yingst&#8217;e g\u00f6re Trump, \u0130ran&#8217;\u0131n \u00dcrd\u00fcn&#8217;de ABD g\u00fc\u00e7lerinin kulland\u0131\u011f\u0131 Muvaffak Salti ve Kral H\u00fcseyin hava \u00fcslerini balistik f\u00fczelerle hedef almas\u0131na kar\u015f\u0131l\u0131k verilece\u011fini s\u00f6yledi.<\/p>\n<p>Trump, &#8220;Onlar\u0131 sert vuraca\u011f\u0131z. Bir yan\u0131t verece\u011fiz.&#8221; diye konu\u015ftu.<\/p>\n<p>\u0130ran&#8217;\u0131n balistik f\u00fczelerinin biri hari\u00e7 tamam\u0131na ABD hava savunma sistemlerinin m\u00fcdahale etti\u011fini belirten Trump, m\u00fcdahale edilemeyen f\u00fczenin &#8220;\u00f6nemli bir yeri vurmayaca\u011f\u0131 i\u00e7in hava sahas\u0131ndan ge\u00e7i\u015fine izin verildi\u011fini&#8221; ifade etti.<\/p>\n<p>Trump, \u0130ran&#8217;\u0131n &#8220;g\u00f6r\u00fc\u015fmeyi \u00e7ok istedi\u011fini ancak anla\u015fma konusunda onlara g\u00fcvenilebilece\u011finden emin olmad\u0131\u011f\u0131n\u0131&#8221; savundu.<\/p>\n<p>ABD Ba\u015fkan\u0131 Trump, \u0130ran&#8217;a y\u00f6nelik yapt\u0131r\u0131mlar\u0131n\u0131n &#8220;i\u015fe yarad\u0131\u011f\u0131na&#8221; ili\u015fkin s\u00f6zlerini yineledi.<\/p>\n<p>ABD ordusu, d\u00fcn gece H\u00fcrm\u00fcz Bo\u011faz\u0131 yak\u0131nlar\u0131ndaki Lark Adas\u0131&#8217;na iki sald\u0131r\u0131 d\u00fczenlemi\u015fti. Sald\u0131r\u0131larda sivillerin de aralar\u0131nda oldu\u011fu en az 2 ki\u015finin hayat\u0131n\u0131 kaybetti\u011fi, 2 ki\u015finin yaraland\u0131\u011f\u0131 bildirilmi\u015fti.<\/p>\n<p>\u0130ran Devrim Muhaf\u0131zlar\u0131 Ordusu, sald\u0131r\u0131ya kar\u015f\u0131l\u0131k \u00dcrd\u00fcn&#8217;de ABD g\u00fc\u00e7lerinin kulland\u0131\u011f\u0131 Muvaffak Salti ve Kral H\u00fcseyin hava \u00fcslerini balistik f\u00fczelerle vurdu\u011funu duyurmu\u015ftu. \u0130ran ordusu da Birle\u015fik Arap Emirlikleri&#8217;ndeki (BAE) Al Minhad Hava \u00dcss\u00fc&#8217;nde konu\u015flu ABD askerleri ve helikopterlerini onlarca kamikaze insans\u0131z hava arac\u0131yla (\u0130HA) hedef ald\u0131\u011f\u0131n\u0131 bildirmi\u015fti.<\/p>\n<p>\u00dcrd\u00fcn ordusu, \u00fclkenin hava sahas\u0131n\u0131 ihlal eden 8 f\u00fczenin hava savunma sistemleri taraf\u0131ndan engellendi\u011fini duyurmu\u015ftu.<\/p><\/p>\n","protected":false},"excerpt":{"rendered":"<p>ABD Ba\u015fkan\u0131 Donald Trump, ABD&#8217;nin d\u00fcn gece H\u00fcrm\u00fcz Bo\u011faz\u0131 yak\u0131nlar\u0131ndaki Lark Adas\u0131&#8217;na sald\u0131r\u0131lar\u0131 sonras\u0131 \u0130ran&#8217;\u0131n \u00dcrd\u00fcn&#8217;deki ABD hava \u00fcslerini balistik f\u00fczelerle hedef almas\u0131n\u0131n ard\u0131ndan bu sald\u0131r\u0131lara kar\u015f\u0131l\u0131k vereceklerini a\u00e7\u0131klad\u0131. Fox News muhabiri Trey Yingst, Trump ile yapt\u0131\u011f\u0131 r\u00f6portajdan ABD Ba\u015fkan\u0131&#8217;n\u0131n \u0130ran&#8217;a ili\u015fkin de\u011ferlendirmelerini aktard\u0131. Yingst&#8217;e g\u00f6re Trump, \u0130ran&#8217;\u0131n \u00dcrd\u00fcn&#8217;de ABD g\u00fc\u00e7lerinin kulland\u0131\u011f\u0131 Muvaffak Salti ve &hellip;<\/p>\n","protected":false},"author":1,"featured_media":150567,"comment_status":"open","ping_status":"open","sticky":false,"template":"","format":"standard","meta":{"footnotes":""},"categories":[4],"tags":[615,13882,13591,699,1478,1252,659,17252,841,129,39479,28463,13276],"class_list":["post-150566","post","type-post","status-publish","format-standard","has-post-thumbnail","hentry","category-dunya","tag-abd","tag-almasina","tag-fox","tag-hava","tag-hedef","tag-iranin","tag-karsilik","tag-news","tag-soyledi","tag-trump","tag-urdundeki","tag-uslerini","tag-vereceklerini"],"_links":{"self":[{"href":"https:\/\/www.kibrishost.com\/tak\/wp-json\/wp\/v2\/posts\/150566"}],"collection":[{"href":"https:\/\/www.kibrishost.com\/tak\/wp-json\/wp\/v2\/posts"}],"about":[{"href":"https:\/\/www.kibrishost.com\/tak\/wp-json\/wp\/v2\/types\/post"}],"author":[{"embeddable":true,"href":"https:\/\/www.kibrishost.com\/tak\/wp-json\/wp\/v2\/users\/1"}],"replies":[{"embeddable":true,"href":"https:\/\/www.kibrishost.com\/tak\/wp-json\/wp\/v2\/comments?post=150566"}],"version-history":[{"count":0,"href":"https:\/\/www.kibrishost.com\/tak\/wp-json\/wp\/v2\/posts\/150566\/revisions"}],"wp:featuredmedia":[{"embeddable":true,"href":"https:\/\/www.kibrishost.com\/tak\/wp-json\/wp\/v2\/media\/150567"}],"wp:attachment":[{"href":"https:\/\/www.kibrishost.com\/tak\/wp-json\/wp\/v2\/media?parent=150566"}],"wp:term":[{"taxonomy":"category","embeddable":true,"href":"https:\/\/www.kibrishost.com\/tak\/wp-json\/wp\/v2\/categories?post=150566"},{"taxonomy":"post_tag","embeddable":true,"href":"https:\/\/www.kibrishost.com\/tak\/wp-json\/wp\/v2\/tags?post=150566"}],"curies":[{"name":"wp","href":"https:\/\/api.w.org\/{rel}","templated":true}]}}