{"id":150564,"date":"2026-08-31T16:10:21","date_gmt":"2026-08-31T13:10:21","guid":{"rendered":"https:\/\/www.kibrishost.com\/tak\/kktc-meslek-lisesi-mezunlarina-turkiyede-ozel-kontenjan\/"},"modified":"2026-08-31T16:10:21","modified_gmt":"2026-08-31T13:10:21","slug":"kktc-meslek-lisesi-mezunlarina-turkiyede-ozel-kontenjan","status":"publish","type":"post","link":"https:\/\/www.kibrishost.com\/tak\/kktc-meslek-lisesi-mezunlarina-turkiyede-ozel-kontenjan\/","title":{"rendered":"KKTC meslek lisesi mezunlar\u0131na T\u00fcrkiye\u2019de \u00f6zel kontenjan"},"content":{"rendered":"<p>T\u00fcrkiye\u2019de y\u00fcksek\u00f6\u011frenim g\u00f6rmek isteyen KKTC uyruklu mesleki ve teknik lise mezunlar\u0131 i\u00e7in ilk kez \u00f6zel kontenjan ayr\u0131ld\u0131. Kontenjan ba\u015fvurular\u0131n\u0131n bug\u00fcn ba\u015flad\u0131\u011f\u0131 bildirildi.<\/p>\n<p>Milli E\u011fitim Bakanl\u0131\u011f\u0131ndan yap\u0131lan a\u00e7\u0131klamaya g\u00f6re uygulama; Milli E\u011fitim Bakanl\u0131\u011f\u0131 ile TC K\u00fclt\u00fcr ve Turizm Bakanl\u0131\u011f\u0131 Yurtd\u0131\u015f\u0131 T\u00fcrkler ve Akraba Topluluklar Ba\u015fkanl\u0131\u011f\u0131 (YTB) aras\u0131nda imzalanan i\u015f birli\u011fi mutabakat zapt\u0131 kapsam\u0131nda hayata ge\u00e7irildi.<\/p>\n<p>At\u0131lan bu ad\u0131mla, \u00f6\u011frencilerin mesleki e\u011fitimleriyle uyumlu alanlarda y\u00fcksek\u00f6\u011frenimlerine devam etmelerinin te\u015fvik edilmesi; e\u011fitim ve kariyer olanaklar\u0131n\u0131n geni\u015fletilmesi hedefleniyor.<\/p>\n<p>Ayr\u0131lan \u00f6zel kontenjanlar i\u00e7in bug\u00fcn ba\u015flayan ba\u015fvuru s\u00fcreci, \u00e7ar\u015famba g\u00fcn\u00fc mesai bitimine kadar devam edecek. Adaylar\u0131n ba\u015fvurular\u0131n\u0131 Y\u00fcksek\u00f6\u011frenim ve D\u0131\u015f \u0130li\u015fkiler Dairesine yapmas\u0131 gerekiyor.<\/p>\n<p>-Ba\u015fvuru \u015fartlar\u0131<\/p>\n<p>Ba\u015fvuru \u015fartlar\u0131 \u015f\u00f6yle s\u0131raland\u0131:<\/p>\n<p>\u201cKuzey K\u0131br\u0131s T\u00fcrk Cumhuriyeti vatanda\u015f\u0131 olmak (KKTC &#8211; T.C. \u00e7ift uyruklular d\u00e2hil),<\/p>\n<p>Ailesiyle birlikte daimi ikameti KKTC\u2019de bulunmak,<\/p>\n<p>21 ya\u015f\u0131ndan g\u00fcn almam\u0131\u015f olmak (21 ya\u015f\u0131n alt\u0131nda bulunmak),<\/p>\n<p>KKTC\u2019deki resm\u00ee mesleki ve teknik orta\u00f6\u011fretim kurumlar\u0131ndan mezun olmak,<\/p>\n<p>Ba\u015fvuru yap\u0131lacak programa kontenjan tablosunda belirtilen ilgili alandan mezun olmak,<\/p>\n<p>Lise akademik ba\u015far\u0131 diploma notunun en az 7,00 olmas\u0131.\u201d<\/p>\n<p>&#8211; T\u00fcrkiye\u2019deki liselerinden mezun olan adaylar\u0131n bu kontenjanlara ba\u015fvuramayacak <\/p>\n<p>Ba\u015fvuruda gerekli evraklar, de\u011ferlendirme kriterleri ve s\u00fcreci ile yerle\u015ftirme ve kay\u0131t i\u015flemlerine ili\u015fkin detaylar ve a\u00e7\u0131lan kontenjanlar bir kitap\u00e7\u0131kta topland\u0131. \u00d6te yandan, T\u00fcrkiye Cumhuriyeti liselerinden mezun olan adaylar\u0131n bu kontenjanlara ba\u015fvuramayaca\u011f\u0131 vurguland\u0131. <\/p>\n<p>(R\u00c7)\u00a0 Kitap\u00e7\u0131k ektedir\u00a0<\/p><\/p>\n","protected":false},"excerpt":{"rendered":"<p>T\u00fcrkiye\u2019de y\u00fcksek\u00f6\u011frenim g\u00f6rmek isteyen KKTC uyruklu mesleki ve teknik lise mezunlar\u0131 i\u00e7in ilk kez \u00f6zel kontenjan ayr\u0131ld\u0131. Kontenjan ba\u015fvurular\u0131n\u0131n bug\u00fcn ba\u015flad\u0131\u011f\u0131 bildirildi. Milli E\u011fitim Bakanl\u0131\u011f\u0131ndan yap\u0131lan a\u00e7\u0131klamaya g\u00f6re uygulama; Milli E\u011fitim Bakanl\u0131\u011f\u0131 ile TC K\u00fclt\u00fcr ve Turizm Bakanl\u0131\u011f\u0131 Yurtd\u0131\u015f\u0131 T\u00fcrkler ve Akraba Topluluklar Ba\u015fkanl\u0131\u011f\u0131 (YTB) aras\u0131nda imzalanan i\u015f birli\u011fi mutabakat zapt\u0131 kapsam\u0131nda hayata ge\u00e7irildi. At\u0131lan &hellip;<\/p>\n","protected":false},"author":1,"featured_media":150565,"comment_status":"open","ping_status":"open","sticky":false,"template":"","format":"standard","meta":{"footnotes":""},"categories":[2],"tags":[344,1986,8084,2169,30683,3575,1892],"class_list":["post-150564","post","type-post","status-publish","format-standard","has-post-thumbnail","hentry","category-kibris","tag-kktc","tag-kontenjan","tag-lisesi","tag-meslek","tag-mezunlarina","tag-ozel","tag-turkiyede"],"_links":{"self":[{"href":"https:\/\/www.kibrishost.com\/tak\/wp-json\/wp\/v2\/posts\/150564"}],"collection":[{"href":"https:\/\/www.kibrishost.com\/tak\/wp-json\/wp\/v2\/posts"}],"about":[{"href":"https:\/\/www.kibrishost.com\/tak\/wp-json\/wp\/v2\/types\/post"}],"author":[{"embeddable":true,"href":"https:\/\/www.kibrishost.com\/tak\/wp-json\/wp\/v2\/users\/1"}],"replies":[{"embeddable":true,"href":"https:\/\/www.kibrishost.com\/tak\/wp-json\/wp\/v2\/comments?post=150564"}],"version-history":[{"count":0,"href":"https:\/\/www.kibrishost.com\/tak\/wp-json\/wp\/v2\/posts\/150564\/revisions"}],"wp:featuredmedia":[{"embeddable":true,"href":"https:\/\/www.kibrishost.com\/tak\/wp-json\/wp\/v2\/media\/150565"}],"wp:attachment":[{"href":"https:\/\/www.kibrishost.com\/tak\/wp-json\/wp\/v2\/media?parent=150564"}],"wp:term":[{"taxonomy":"category","embeddable":true,"href":"https:\/\/www.kibrishost.com\/tak\/wp-json\/wp\/v2\/categories?post=150564"},{"taxonomy":"post_tag","embeddable":true,"href":"https:\/\/www.kibrishost.com\/tak\/wp-json\/wp\/v2\/tags?post=150564"}],"curies":[{"name":"wp","href":"https:\/\/api.w.org\/{rel}","templated":true}]}}