{"id":150560,"date":"2026-08-31T15:40:21","date_gmt":"2026-08-31T12:40:21","guid":{"rendered":"https:\/\/www.kibrishost.com\/tak\/42-miss-kuzey-kibris-2026-guzellik-yarismasi-ve-bay-kuzey-kibris-2026-finali-ertelendi\/"},"modified":"2026-08-31T15:40:21","modified_gmt":"2026-08-31T12:40:21","slug":"42-miss-kuzey-kibris-2026-guzellik-yarismasi-ve-bay-kuzey-kibris-2026-finali-ertelendi","status":"publish","type":"post","link":"https:\/\/www.kibrishost.com\/tak\/42-miss-kuzey-kibris-2026-guzellik-yarismasi-ve-bay-kuzey-kibris-2026-finali-ertelendi\/","title":{"rendered":"42. M\u0131ss Kuzey K\u0131br\u0131s 2026 G\u00fczellik Yar\u0131\u015fmas\u0131 ve Bay Kuzey K\u0131br\u0131s 2026 Finali ertelendi"},"content":{"rendered":"<p>G\u00fcnkut Ajans, per\u015fembe gecesi ger\u00e7ekle\u015ftirilmesi planlanan 42. Miss Kuzey K\u0131br\u0131s 2026 G\u00fczellik Yar\u0131\u015fmas\u0131 ve Bay Kuzey K\u0131br\u0131s 2026 Finalinin ertelendi\u011fini duyurdu.<\/p>\n<p>G\u00fcnkut Ajans\u2019tan yap\u0131lan a\u00e7\u0131klamada, Girne a\u00e7\u0131klar\u0131nda meydana gelen ve herkesi derinden sarsan elim deniz kazas\u0131n\u0131n yas\u0131n\u0131 payla\u015fmay\u0131, kay\u0131plar\u0131n hat\u0131ras\u0131na sayg\u0131 g\u00f6stermeyi en do\u011fru yakla\u015f\u0131m olarak g\u00f6rd\u00fckleri belirtildi.<\/p>\n<p>Ajans, kazada hayat\u0131n\u0131 kaybedenlere bir kez daha Allah\u2019tan rahmet; yasl\u0131 ailelere, yak\u0131nlar\u0131na ve t\u00fcm sevenlerine sab\u0131r ve ba\u015fsa\u011fl\u0131\u011f\u0131; yaral\u0131lara ise acil \u015fifalar diledi.<\/p><\/p>\n","protected":false},"excerpt":{"rendered":"<p>G\u00fcnkut Ajans, per\u015fembe gecesi ger\u00e7ekle\u015ftirilmesi planlanan 42. Miss Kuzey K\u0131br\u0131s 2026 G\u00fczellik Yar\u0131\u015fmas\u0131 ve Bay Kuzey K\u0131br\u0131s 2026 Finalinin ertelendi\u011fini duyurdu. G\u00fcnkut Ajans\u2019tan yap\u0131lan a\u00e7\u0131klamada, Girne a\u00e7\u0131klar\u0131nda meydana gelen ve herkesi derinden sarsan elim deniz kazas\u0131n\u0131n yas\u0131n\u0131 payla\u015fmay\u0131, kay\u0131plar\u0131n hat\u0131ras\u0131na sayg\u0131 g\u00f6stermeyi en do\u011fru yakla\u015f\u0131m olarak g\u00f6rd\u00fckleri belirtildi. Ajans, kazada hayat\u0131n\u0131 kaybedenlere bir kez daha &hellip;<\/p>\n","protected":false},"author":1,"featured_media":150561,"comment_status":"open","ping_status":"open","sticky":false,"template":"","format":"standard","meta":{"footnotes":""},"categories":[2],"tags":[28260,1728,2829,6617,25059,30150,122,1258,2827,806],"class_list":["post-150560","post","type-post","status-publish","format-standard","has-post-thumbnail","hentry","category-kibris","tag-28260","tag-1728","tag-bay","tag-ertelendi","tag-finali","tag-guzellik","tag-kibris","tag-kuzey","tag-miss","tag-yarismasi"],"_links":{"self":[{"href":"https:\/\/www.kibrishost.com\/tak\/wp-json\/wp\/v2\/posts\/150560"}],"collection":[{"href":"https:\/\/www.kibrishost.com\/tak\/wp-json\/wp\/v2\/posts"}],"about":[{"href":"https:\/\/www.kibrishost.com\/tak\/wp-json\/wp\/v2\/types\/post"}],"author":[{"embeddable":true,"href":"https:\/\/www.kibrishost.com\/tak\/wp-json\/wp\/v2\/users\/1"}],"replies":[{"embeddable":true,"href":"https:\/\/www.kibrishost.com\/tak\/wp-json\/wp\/v2\/comments?post=150560"}],"version-history":[{"count":0,"href":"https:\/\/www.kibrishost.com\/tak\/wp-json\/wp\/v2\/posts\/150560\/revisions"}],"wp:featuredmedia":[{"embeddable":true,"href":"https:\/\/www.kibrishost.com\/tak\/wp-json\/wp\/v2\/media\/150561"}],"wp:attachment":[{"href":"https:\/\/www.kibrishost.com\/tak\/wp-json\/wp\/v2\/media?parent=150560"}],"wp:term":[{"taxonomy":"category","embeddable":true,"href":"https:\/\/www.kibrishost.com\/tak\/wp-json\/wp\/v2\/categories?post=150560"},{"taxonomy":"post_tag","embeddable":true,"href":"https:\/\/www.kibrishost.com\/tak\/wp-json\/wp\/v2\/tags?post=150560"}],"curies":[{"name":"wp","href":"https:\/\/api.w.org\/{rel}","templated":true}]}}