{"id":150558,"date":"2026-08-31T15:30:19","date_gmt":"2026-08-31T12:30:19","guid":{"rendered":"https:\/\/www.kibrishost.com\/tak\/yilmaz-arikliya-karsi-linc-kampanyasi-yurutuluyor\/"},"modified":"2026-08-31T15:30:19","modified_gmt":"2026-08-31T12:30:19","slug":"yilmaz-arikliya-karsi-linc-kampanyasi-yurutuluyor","status":"publish","type":"post","link":"https:\/\/www.kibrishost.com\/tak\/yilmaz-arikliya-karsi-linc-kampanyasi-yurutuluyor\/","title":{"rendered":"Y\u0131lmaz: \u201cAr\u0131kl\u0131\u2019ya kar\u015f\u0131 lin\u00e7 kampanyas\u0131 y\u00fcr\u00fct\u00fcl\u00fcyor\u201d"},"content":{"rendered":"<p>Yeniden Do\u011fu\u015f Partisi (YDP) Genel Sekreteri Er\u015fah Sabit Y\u0131lmaz, d\u00fcn ya\u015fanan feci deniz kazas\u0131n\u0131n ard\u0131ndan Bay\u0131nd\u0131rl\u0131k ve Ula\u015ft\u0131rma Bakan\u0131 ve YDP Genel Ba\u015fkan\u0131 Erhan Ar\u0131kl\u0131\u2019ya kar\u015f\u0131 bas\u0131n-yay\u0131n organlar\u0131 ve sosyal medyada \u201clin\u00e7 kampanyas\u0131\u201d y\u00fcr\u00fct\u00fcld\u00fc\u011f\u00fcn\u00fc ifade etti.<\/p>\n<p>Yaz\u0131l\u0131 a\u00e7\u0131klama yapan Y\u0131lmaz, kazan\u0131n herkesi derinden \u00fczd\u00fc\u011f\u00fcn\u00fc ve devletin, t\u00fcm birimleri ile hem arama \u00e7al\u0131\u015fmalar\u0131n\u0131 devam ettirdi\u011fini hem de olay\u0131n sebebini ve varsa sorumlular\u0131n\u0131 ara\u015ft\u0131rd\u0131\u011f\u0131n\u0131 kaydetti.<\/p>\n<p>Ar\u0131kl\u0131\u2019n\u0131n, ara\u015ft\u0131rmalar sonucunda Bay\u0131nd\u0131rl\u0131k ve Ula\u015ft\u0131rma Bakanl\u0131\u011f\u0131 taraf\u0131ndan herhangi bir ihmal olmas\u0131 durumunda siyasi sorumluluk \u00fcstlenip istifa edece\u011fini s\u00f6yledi\u011fini hat\u0131rlatan Y\u0131lmaz, \u201cBuna ra\u011fmen daha kazan\u0131n \u00fczerinden dakikalar ge\u00e7meden bakan\u0131n istifas\u0131n\u0131 isteyenler s\u0131raya dizilmi\u015f koro halinde ba\u011f\u0131rmaktad\u0131rlar.\u201d ifadelerini kulland\u0131.<\/p>\n<p>Bakanl\u0131\u011f\u0131n bir ihmal, kusur veya suiistimali s\u00f6z konusu de\u011filse, Bakan\u0131n neden istifa etmesi gerekti\u011fini anlamad\u0131klar\u0131n\u0131 belirten Y\u0131lmaz, \u201cAvrupa\u2019da olsa bakan istifa ederdi.\u201d s\u00f6ylemlerini ele\u015ftirerek, Avrupa\u2019da ya\u015fanan gemi kazalar\u0131ndan \u00f6rnekler verdi.<\/p>\n<p>Er\u015fah Sabit Y\u0131lmaz, \u201cBakan\u0131n istifas\u0131n\u0131 isteyenler siyasi rant pe\u015findedirler. Bunlar\u0131n bilmesi gereken \u015fey \u015fudur; YDP camias\u0131 topyekun Bakan\u0131m\u0131z\u0131n arkas\u0131ndad\u0131r.\u201d dedi.<\/p><\/p>\n","protected":false},"excerpt":{"rendered":"<p>Yeniden Do\u011fu\u015f Partisi (YDP) Genel Sekreteri Er\u015fah Sabit Y\u0131lmaz, d\u00fcn ya\u015fanan feci deniz kazas\u0131n\u0131n ard\u0131ndan Bay\u0131nd\u0131rl\u0131k ve Ula\u015ft\u0131rma Bakan\u0131 ve YDP Genel Ba\u015fkan\u0131 Erhan Ar\u0131kl\u0131\u2019ya kar\u015f\u0131 bas\u0131n-yay\u0131n organlar\u0131 ve sosyal medyada \u201clin\u00e7 kampanyas\u0131\u201d y\u00fcr\u00fct\u00fcld\u00fc\u011f\u00fcn\u00fc ifade etti. Yaz\u0131l\u0131 a\u00e7\u0131klama yapan Y\u0131lmaz, kazan\u0131n herkesi derinden \u00fczd\u00fc\u011f\u00fcn\u00fc ve devletin, t\u00fcm birimleri ile hem arama \u00e7al\u0131\u015fmalar\u0131n\u0131 devam ettirdi\u011fini hem &hellip;<\/p>\n","protected":false},"author":1,"featured_media":150559,"comment_status":"open","ping_status":"open","sticky":false,"template":"","format":"standard","meta":{"footnotes":""},"categories":[2],"tags":[20530,1387,17,14142,185,29172],"class_list":["post-150558","post","type-post","status-publish","format-standard","has-post-thumbnail","hentry","category-kibris","tag-arikliya","tag-kampanyasi","tag-karsi","tag-linc","tag-yilmaz","tag-yurutuluyor"],"_links":{"self":[{"href":"https:\/\/www.kibrishost.com\/tak\/wp-json\/wp\/v2\/posts\/150558"}],"collection":[{"href":"https:\/\/www.kibrishost.com\/tak\/wp-json\/wp\/v2\/posts"}],"about":[{"href":"https:\/\/www.kibrishost.com\/tak\/wp-json\/wp\/v2\/types\/post"}],"author":[{"embeddable":true,"href":"https:\/\/www.kibrishost.com\/tak\/wp-json\/wp\/v2\/users\/1"}],"replies":[{"embeddable":true,"href":"https:\/\/www.kibrishost.com\/tak\/wp-json\/wp\/v2\/comments?post=150558"}],"version-history":[{"count":0,"href":"https:\/\/www.kibrishost.com\/tak\/wp-json\/wp\/v2\/posts\/150558\/revisions"}],"wp:featuredmedia":[{"embeddable":true,"href":"https:\/\/www.kibrishost.com\/tak\/wp-json\/wp\/v2\/media\/150559"}],"wp:attachment":[{"href":"https:\/\/www.kibrishost.com\/tak\/wp-json\/wp\/v2\/media?parent=150558"}],"wp:term":[{"taxonomy":"category","embeddable":true,"href":"https:\/\/www.kibrishost.com\/tak\/wp-json\/wp\/v2\/categories?post=150558"},{"taxonomy":"post_tag","embeddable":true,"href":"https:\/\/www.kibrishost.com\/tak\/wp-json\/wp\/v2\/tags?post=150558"}],"curies":[{"name":"wp","href":"https:\/\/api.w.org\/{rel}","templated":true}]}}