{"id":150556,"date":"2026-08-31T15:10:20","date_gmt":"2026-08-31T12:10:20","guid":{"rendered":"https:\/\/www.kibrishost.com\/tak\/isverenler-sendikasi-sorusturma-sonuclari-kamuoyuyla-paylasilmali\/"},"modified":"2026-08-31T15:10:20","modified_gmt":"2026-08-31T12:10:20","slug":"isverenler-sendikasi-sorusturma-sonuclari-kamuoyuyla-paylasilmali","status":"publish","type":"post","link":"https:\/\/www.kibrishost.com\/tak\/isverenler-sendikasi-sorusturma-sonuclari-kamuoyuyla-paylasilmali\/","title":{"rendered":"\u0130\u015fverenler Sendikas\u0131: &#8220;Soru\u015fturma sonu\u00e7lar\u0131 kamuoyuyla payla\u015f\u0131lmal\u0131&#8221;"},"content":{"rendered":"<p>K\u0131br\u0131s T\u00fcrk \u0130\u015fverenler Sendikas\u0131, Girne a\u00e7\u0131klar\u0131nda batan feribotla ilgili soru\u015fturman\u0131n sonu\u00e7lar\u0131n\u0131n kamuoyuyla payla\u015f\u0131lmas\u0131n\u0131 istedi.K\u0131br\u0131s T\u00fcrk \u0130\u015fverenler Sendikas\u0131\u00a0Ba\u015fkan\u0131 Metin Arhun, a\u00e7\u0131klamas\u0131nda olayda hayat\u0131n\u0131 kaybedenlere rahmet, yak\u0131nlar\u0131na ba\u015fsa\u011fl\u0131\u011f\u0131 diledi.Benzer kazalar\u0131n bir daha ya\u015fanmamas\u0131 i\u00e7in gemilerin yolcu ve y\u00fck ta\u015f\u0131mac\u0131l\u0131\u011f\u0131 standartlar\u0131n\u0131n geli\u015ftirilmesi, gerekli tedbirlerin istisnas\u0131z al\u0131nmas\u0131 gerekti\u011fini belirten\u00a0Arhun,\u00a0\u00a0kazan\u0131n t\u00fcm y\u00f6nleriyle titizlikle soru\u015fturulmas\u0131n\u0131, ihmal, kusur ya da sorumlulu\u011fu bulunan ki\u015fi ya da ki\u015filerin tespit edilmesini beklediklerini kaydetti. Metin Arhun,\u00a0&#8220;Soru\u015fturma sonu\u00e7lar\u0131n\u0131n \u015feffaf \u015fekilde kamuoyuyla payla\u015f\u0131lmas\u0131 b\u00fcy\u00fck \u00f6nem ta\u015f\u0131yor.&#8221; dedi.(ID\/R\u00c7)<\/p><\/p>\n","protected":false},"excerpt":{"rendered":"<p>K\u0131br\u0131s T\u00fcrk \u0130\u015fverenler Sendikas\u0131, Girne a\u00e7\u0131klar\u0131nda batan feribotla ilgili soru\u015fturman\u0131n sonu\u00e7lar\u0131n\u0131n kamuoyuyla payla\u015f\u0131lmas\u0131n\u0131 istedi.K\u0131br\u0131s T\u00fcrk \u0130\u015fverenler Sendikas\u0131\u00a0Ba\u015fkan\u0131 Metin Arhun, a\u00e7\u0131klamas\u0131nda olayda hayat\u0131n\u0131 kaybedenlere rahmet, yak\u0131nlar\u0131na ba\u015fsa\u011fl\u0131\u011f\u0131 diledi.Benzer kazalar\u0131n bir daha ya\u015fanmamas\u0131 i\u00e7in gemilerin yolcu ve y\u00fck ta\u015f\u0131mac\u0131l\u0131\u011f\u0131 standartlar\u0131n\u0131n geli\u015ftirilmesi, gerekli tedbirlerin istisnas\u0131z al\u0131nmas\u0131 gerekti\u011fini belirten\u00a0Arhun,\u00a0\u00a0kazan\u0131n t\u00fcm y\u00f6nleriyle titizlikle soru\u015fturulmas\u0131n\u0131, ihmal, kusur ya da sorumlulu\u011fu bulunan &hellip;<\/p>\n","protected":false},"author":1,"featured_media":150557,"comment_status":"open","ping_status":"open","sticky":false,"template":"","format":"standard","meta":{"footnotes":""},"categories":[2],"tags":[7307,10601,15406,1598,526,2326],"class_list":["post-150556","post","type-post","status-publish","format-standard","has-post-thumbnail","hentry","category-kibris","tag-isverenler","tag-kamuoyuyla","tag-paylasilmali","tag-sendikasi","tag-sonuclari","tag-sorusturma"],"_links":{"self":[{"href":"https:\/\/www.kibrishost.com\/tak\/wp-json\/wp\/v2\/posts\/150556"}],"collection":[{"href":"https:\/\/www.kibrishost.com\/tak\/wp-json\/wp\/v2\/posts"}],"about":[{"href":"https:\/\/www.kibrishost.com\/tak\/wp-json\/wp\/v2\/types\/post"}],"author":[{"embeddable":true,"href":"https:\/\/www.kibrishost.com\/tak\/wp-json\/wp\/v2\/users\/1"}],"replies":[{"embeddable":true,"href":"https:\/\/www.kibrishost.com\/tak\/wp-json\/wp\/v2\/comments?post=150556"}],"version-history":[{"count":0,"href":"https:\/\/www.kibrishost.com\/tak\/wp-json\/wp\/v2\/posts\/150556\/revisions"}],"wp:featuredmedia":[{"embeddable":true,"href":"https:\/\/www.kibrishost.com\/tak\/wp-json\/wp\/v2\/media\/150557"}],"wp:attachment":[{"href":"https:\/\/www.kibrishost.com\/tak\/wp-json\/wp\/v2\/media?parent=150556"}],"wp:term":[{"taxonomy":"category","embeddable":true,"href":"https:\/\/www.kibrishost.com\/tak\/wp-json\/wp\/v2\/categories?post=150556"},{"taxonomy":"post_tag","embeddable":true,"href":"https:\/\/www.kibrishost.com\/tak\/wp-json\/wp\/v2\/tags?post=150556"}],"curies":[{"name":"wp","href":"https:\/\/api.w.org\/{rel}","templated":true}]}}