{"id":150539,"date":"2026-08-31T14:20:19","date_gmt":"2026-08-31T11:20:19","guid":{"rendered":"https:\/\/www.kibrishost.com\/tak\/hava-sicakligi-35-38-derece-dolaylarinda\/"},"modified":"2026-08-31T14:20:19","modified_gmt":"2026-08-31T11:20:19","slug":"hava-sicakligi-35-38-derece-dolaylarinda","status":"publish","type":"post","link":"https:\/\/www.kibrishost.com\/tak\/hava-sicakligi-35-38-derece-dolaylarinda\/","title":{"rendered":"Hava s\u0131cakl\u0131\u011f\u0131 35-38 derece dolaylar\u0131nda"},"content":{"rendered":"<p>Meteoroloji Dairesi,\u00a0 hava s\u0131cakl\u0131\u011f\u0131n\u0131n 35-38 derece dolaylar\u0131nda seyredece\u011fini a\u00e7\u0131klad\u0131.Meteoroloji Dairesi&#8217;nin\u00a01-7 Eyl\u00fcl tarihlerini kapsayan hava tahmin raporuna g\u00f6re,\u00a0 periyot boyunca hava genellikle a\u00e7\u0131k ve az bulutlu ge\u00e7ecek.\u00a0\u00a0En y\u00fcksek hava s\u0131cakl\u0131\u011f\u0131 i\u00e7 kesimlerde 35-38, sahillerde 31-34 derece olacak.R\u00fczg\u00e2r periyodun ilk yar\u0131s\u0131nda G\u00fcney ve Bat\u0131 y\u00f6nlerden orta, ikinci yar\u0131s\u0131nda Kuzey ve Bat\u0131 y\u00f6nlerden orta, zamanla kuvvetli esecek.(ID\/R\u00c7)<\/p><\/p>\n","protected":false},"excerpt":{"rendered":"<p>Meteoroloji Dairesi,\u00a0 hava s\u0131cakl\u0131\u011f\u0131n\u0131n 35-38 derece dolaylar\u0131nda seyredece\u011fini a\u00e7\u0131klad\u0131.Meteoroloji Dairesi&#8217;nin\u00a01-7 Eyl\u00fcl tarihlerini kapsayan hava tahmin raporuna g\u00f6re,\u00a0 periyot boyunca hava genellikle a\u00e7\u0131k ve az bulutlu ge\u00e7ecek.\u00a0\u00a0En y\u00fcksek hava s\u0131cakl\u0131\u011f\u0131 i\u00e7 kesimlerde 35-38, sahillerde 31-34 derece olacak.R\u00fczg\u00e2r periyodun ilk yar\u0131s\u0131nda G\u00fcney ve Bat\u0131 y\u00f6nlerden orta, ikinci yar\u0131s\u0131nda Kuzey ve Bat\u0131 y\u00f6nlerden orta, zamanla kuvvetli esecek.(ID\/R\u00c7)<\/p>\n","protected":false},"author":1,"featured_media":150540,"comment_status":"open","ping_status":"open","sticky":false,"template":"","format":"standard","meta":{"footnotes":""},"categories":[2],"tags":[4491,891,4492,699,8184],"class_list":["post-150539","post","type-post","status-publish","format-standard","has-post-thumbnail","hentry","category-kibris","tag-35-38","tag-derece","tag-dolaylarinda","tag-hava","tag-sicakligi"],"_links":{"self":[{"href":"https:\/\/www.kibrishost.com\/tak\/wp-json\/wp\/v2\/posts\/150539"}],"collection":[{"href":"https:\/\/www.kibrishost.com\/tak\/wp-json\/wp\/v2\/posts"}],"about":[{"href":"https:\/\/www.kibrishost.com\/tak\/wp-json\/wp\/v2\/types\/post"}],"author":[{"embeddable":true,"href":"https:\/\/www.kibrishost.com\/tak\/wp-json\/wp\/v2\/users\/1"}],"replies":[{"embeddable":true,"href":"https:\/\/www.kibrishost.com\/tak\/wp-json\/wp\/v2\/comments?post=150539"}],"version-history":[{"count":0,"href":"https:\/\/www.kibrishost.com\/tak\/wp-json\/wp\/v2\/posts\/150539\/revisions"}],"wp:featuredmedia":[{"embeddable":true,"href":"https:\/\/www.kibrishost.com\/tak\/wp-json\/wp\/v2\/media\/150540"}],"wp:attachment":[{"href":"https:\/\/www.kibrishost.com\/tak\/wp-json\/wp\/v2\/media?parent=150539"}],"wp:term":[{"taxonomy":"category","embeddable":true,"href":"https:\/\/www.kibrishost.com\/tak\/wp-json\/wp\/v2\/categories?post=150539"},{"taxonomy":"post_tag","embeddable":true,"href":"https:\/\/www.kibrishost.com\/tak\/wp-json\/wp\/v2\/tags?post=150539"}],"curies":[{"name":"wp","href":"https:\/\/api.w.org\/{rel}","templated":true}]}}