{"id":150534,"date":"2026-08-31T14:10:20","date_gmt":"2026-08-31T11:10:20","guid":{"rendered":"https:\/\/www.kibrishost.com\/tak\/arikli-ihmal-varsa-geregi-yapilacak-hic-kimse-sorusturmanin-disinda-tutulmayacak\/"},"modified":"2026-08-31T14:10:26","modified_gmt":"2026-08-31T11:10:26","slug":"arikli-ihmal-varsa-geregi-yapilacak-hic-kimse-sorusturmanin-disinda-tutulmayacak","status":"publish","type":"post","link":"https:\/\/www.kibrishost.com\/tak\/arikli-ihmal-varsa-geregi-yapilacak-hic-kimse-sorusturmanin-disinda-tutulmayacak\/","title":{"rendered":"Ar\u0131kl\u0131: \u201c\u0130hmal varsa gere\u011fi yap\u0131lacak\u2026 Hi\u00e7 kimse soru\u015fturman\u0131n d\u0131\u015f\u0131nda tutulmayacak\u201d"},"content":{"rendered":"<p>Bay\u0131nd\u0131rl\u0131k ve Ula\u015ft\u0131rma Bakan\u0131 Erhan Ar\u0131kl\u0131, gemi kazas\u0131yla ilgili herhangi bir kamu g\u00f6revlisinin, kurumun veya \u00f6zel \u015firketin g\u00f6revini ihmal etti\u011fi ortaya \u00e7\u0131karsa, bunun gere\u011finin yap\u0131laca\u011f\u0131n\u0131 vurgulayarak, \u201cHi\u00e7 kimse makam\u0131na, g\u00f6revine veya konumuna bak\u0131lmaks\u0131z\u0131n soru\u015fturman\u0131n d\u0131\u015f\u0131nda tutulmayacakt\u0131r.\u201d dedi.<\/p>\n<p>Olay\u0131n yaln\u0131zca adli bir soru\u015fturma olarak kalmas\u0131n\u0131 yeterli g\u00f6rmedi\u011fini kaydeden Bakan Ar\u0131kl\u0131, kazan\u0131n teknik ve idari boyutunun da ba\u011f\u0131ms\u0131z bi\u00e7imde ara\u015ft\u0131r\u0131lmas\u0131 gerekti\u011fine inan\u00e7 belirtti. Bakan Ar\u0131kl\u0131, gerekirse T\u00fcrkiye\u2019den ve uluslararas\u0131 denizcilik kurulu\u015flar\u0131ndan ba\u011f\u0131ms\u0131z uzmanlar\u0131n da \u00e7al\u0131\u015fmalara dahil edilmesini sa\u011flayacaklar\u0131n\u0131 s\u00f6yledi.<\/p>\n<p>Ar\u0131kl\u0131 yapt\u0131\u011f\u0131 yaz\u0131l\u0131 a\u00e7\u0131klamada, d\u00fcn Girne-Ta\u015fucu seferini ger\u00e7ekle\u015ftirmek \u00fczere Girne Liman\u0131\u2019ndan ayr\u0131lan F\u0130LOJET isimli yolcu gemisinin, Girne a\u00e7\u0131klar\u0131nda ge\u00e7irdi\u011fi elim kazan\u0131n herkesi derinden sarst\u0131\u011f\u0131n\u0131 ifade etti, hayat\u0131n\u0131 kaybeden vatanda\u015flara Allah\u2019tan rahmet, ailelerine ve yak\u0131nlar\u0131na sab\u0131r diledi.<\/p>\n<p>Kay\u0131p olan vatanda\u015flar\u0131n bir an \u00f6nce sa\u011f olarak bulunmas\u0131, yaral\u0131lar\u0131n tedavilerinin tamamlanmas\u0131 ve kazazedelerin ailelerine ula\u015ft\u0131r\u0131lmas\u0131n\u0131n \u015fu anda devletin birinci \u00f6nceli\u011fi oldu\u011funu vurgulayan Ar\u0131kl\u0131, \u201cBu nedenle arama-kurtarma \u00e7al\u0131\u015fmalar\u0131 sonu\u00e7lan\u0131ncaya kadar b\u00fct\u00fcn kurumlar\u0131m\u0131z\u0131n t\u00fcm imk\u00e2nlar\u0131 seferber edilmi\u015f durumdad\u0131r.\u201d dedi.<\/p>\n<p>-Arama-kurtarma \u00e7al\u0131\u015fmalar\u0131<\/p>\n<p>Kaza ihbar\u0131n\u0131n al\u0131nmas\u0131ndan hemen sonra KKTC Sahil G\u00fcvenlik unsurlar\u0131n\u0131n b\u00f6lgeye sevk edildi\u011fini, helikopterler ve b\u00f6lgede bulunan sivil gemilerin de kurtarma \u00e7al\u0131\u015fmalar\u0131na dahil edildi\u011fini ifade eden Ar\u0131kl\u0131, T\u00fcrkiye Cumhuriyeti makamlar\u0131n\u0131n da olay\u0131n ilk an\u0131ndan itibaren b\u00fct\u00fcn imk\u00e2nlar\u0131yla KKTC\u2019nin yan\u0131nda oldu\u011funu, T\u00fcrk Sahil G\u00fcvenlik ve Deniz Kuvvetleri unsurlar\u0131n\u0131n arama-kurtarma \u00e7al\u0131\u015fmalar\u0131na kat\u0131ld\u0131\u011f\u0131n\u0131 kaydetti.<\/p>\n<p>Ar\u0131kl\u0131, \u201cBu vesileyle T\u00fcrkiye Cumhuriyeti makamlar\u0131na, Sahil G\u00fcvenlik komutanl\u0131klar\u0131m\u0131za, G\u00fcvenlik Kuvvetleri&#8217;mize, polis te\u015fkilat\u0131m\u0131za, Sivil Savunma Te\u015fkilat\u0131&#8217;m\u0131za, sa\u011fl\u0131k ekiplerimize, liman personelimize ve hi\u00e7bir teredd\u00fct g\u00f6stermeden kurtarma \u00e7al\u0131\u015fmalar\u0131na kat\u0131lan sivil denizcilerimize te\u015fekk\u00fcr ediyorum.\u201d dedi.<\/p>\n<p>Bu t\u00fcr olaylarda ilk dakikalar\u0131n hayati \u00f6nem ta\u015f\u0131d\u0131\u011f\u0131na dikkat \u00e7eken Ar\u0131kl\u0131, ekiplerin olay yerine m\u00fcmk\u00fcn olan en k\u0131sa s\u00fcrede ula\u015fmas\u0131 ve kurtarma faaliyetlerinin ba\u015flat\u0131lmas\u0131 i\u00e7in gerekli b\u00fct\u00fcn imk\u00e2nlar\u0131n kullan\u0131ld\u0131\u011f\u0131n\u0131 belirtti.<\/p>\n<p>-\u201cKazan\u0131n nedeni konusunda spek\u00fclasyon yapmayaca\u011f\u0131z\u201d<\/p>\n<p>\u201cAncak bug\u00fcn burada as\u0131l konu\u015fmam\u0131z gereken konu, kurtarma \u00e7al\u0131\u015fmalar\u0131n\u0131n yan\u0131nda, bu kazan\u0131n neden meydana geldi\u011finin b\u00fct\u00fcn y\u00f6nleriyle ortaya \u00e7\u0131kar\u0131lmas\u0131d\u0131r.\u201d diyen Ar\u0131kl\u0131, kamuoyunda kazan\u0131n nedeni konusunda \u00e7e\u015fitli iddialar bulundu\u011funa i\u015faret etti.<\/p>\n<p>Geminin ba\u015f b\u00f6l\u00fcm\u00fcnden k\u0131sa s\u00fcre i\u00e7erisinde ciddi \u015fekilde su almaya ba\u015flad\u0131\u011f\u0131, ard\u0131ndan alabora oldu\u011fu y\u00f6n\u00fcnde bilgiler bulundu\u011funu ifade eden Bakan Ar\u0131kl\u0131, \u015f\u00f6yle devam etti: <\/p>\n<p>\u201cAncak \u00f6zellikle alt\u0131n\u0131 \u00e7izmek istiyorum. Soru\u015fturma tamamlanmadan kazan\u0131n nedeni konusunda kesin bir h\u00fck\u00fcm vermeyece\u011fiz. Teknik ar\u0131za m\u0131, yap\u0131sal bir problem mi, stabilite sorunu mu, y\u00fck veya balast kaynakl\u0131 bir problem mi, insan hatas\u0131 m\u0131, deniz ko\u015fullar\u0131n\u0131n etkisi mi, ba\u015fka bir gemi veya cisimle temas m\u0131, yoksa bunlar\u0131n birden fazlas\u0131n\u0131n birle\u015fmesi mi&#8230; B\u00fct\u00fcn ihtimaller bilimsel ve teknik olarak ara\u015ft\u0131r\u0131lmaktad\u0131r. Devlet olarak bizim g\u00f6revimiz birilerini korumak veya birilerini pe\u015finen su\u00e7lamak de\u011fildir. Bizim g\u00f6revimiz ger\u00e7e\u011fi ortaya \u00e7\u0131karmakt\u0131r.\u201d<\/p>\n<p>-\u201cDenetim s\u00fcreci de ara\u015ft\u0131r\u0131lacakt\u0131r\u201d<\/p>\n<p>Soru\u015fturman\u0131n sadece geminin kaptan\u0131 veya m\u00fcrettebat\u0131n\u0131n davran\u0131\u015flar\u0131yla s\u0131n\u0131rl\u0131 kalmayaca\u011f\u0131n\u0131 vurgulayan Ar\u0131kl\u0131, \u015funlar\u0131 kaydetti: <\/p>\n<p>\u201cGeminin y\u00fczde 60 kapasite ile sefere \u00e7\u0131kt\u0131\u011f\u0131, t\u00fcm yolculara yetecek say\u0131da can yele\u011fi bulundu\u011fu bilinmektedir. Geminin denize elveri\u015flilik belgesi, klas kay\u0131tlar\u0131 ve kaptan\u0131n ehliyeti sizlerle payla\u015f\u0131lm\u0131\u015ft\u0131r. Geminin seyredece\u011fi g\u00fczergahtaki denizin durumunu g\u00f6steren Meteoroloji Dairesi raporu ile birlikte payla\u015f\u0131lan belgeler aras\u0131nda; Y\u00fcksek H\u0131zl\u0131 Tekne \u0130\u015fletme \u0130zni, Klas Sertifikas\u0131, Uluslararas\u0131 Denizcilik \u00d6rg\u00fct\u00fc (IMO- International Maretime Organisation) taraf\u0131ndan yap\u0131lan kontrol\u00fcn ard\u0131ndan verilen kaptanl\u0131k lisans\u0131 ve IMO\u2019dan al\u0131nan belge sonras\u0131nda Limanlar Dairesi taraf\u0131ndan uzun y\u0131llar \u00f6nce onaylanan kaptan\u0131n Uygunluk Sertifikas\u0131 bulunmaktad\u0131r.\u201d<\/p>\n<p>-\u201c\u0130hmal ortaya \u00e7\u0131karsa gere\u011fi yap\u0131lacak\u201d<\/p>\n<p>Buna ek olarak geminin; son teknik muayeneleri, y\u00fckleme ve a\u011f\u0131rl\u0131k da\u011f\u0131l\u0131m\u0131, stabilite hesaplar\u0131, balast durumu, limandan \u00e7\u0131k\u0131\u015f i\u015flemleri, ilgili kurumlar taraf\u0131ndan yap\u0131lan denetimlerinin tek tek yerinde incelendi\u011fini ifade eden Ar\u0131kl\u0131, \u201cE\u011fer herhangi bir kamu g\u00f6revlisinin, kurumun veya \u00f6zel \u015firketin g\u00f6revini ihmal etti\u011fi ortaya \u00e7\u0131karsa, bunun gere\u011fi yap\u0131lacakt\u0131r. Hi\u00e7 kimse makam\u0131na, g\u00f6revine veya konumuna bak\u0131lmaks\u0131z\u0131n soru\u015fturman\u0131n d\u0131\u015f\u0131nda tutulmayacakt\u0131r.\u201d dedi.<\/p>\n<p>-\u201cBa\u011f\u0131ms\u0131z ve \u015feffaf soru\u015fturma\u201d<\/p>\n<p>Bu olay\u0131n yaln\u0131zca adli bir soru\u015fturma olarak kalmas\u0131n\u0131 yeterli g\u00f6rmedi\u011fini kaydeden Bakan Ar\u0131kl\u0131, kazan\u0131n teknik ve idari boyutunun da ba\u011f\u0131ms\u0131z bi\u00e7imde ara\u015ft\u0131r\u0131lmas\u0131 gerekti\u011fine inan\u00e7 belirtti. Ar\u0131kl\u0131, \u201cBu nedenle ilgili t\u00fcm teknik kay\u0131tlar\u0131n muhafaza alt\u0131na al\u0131nmas\u0131 ve; AIS ve GPS kay\u0131tlar\u0131, radar kay\u0131tlar\u0131, VHF telsiz g\u00f6r\u00fc\u015fmeleri, gemi i\u00e7i kamera kay\u0131tlar\u0131, makine ve alarm kay\u0131tlar\u0131, bak\u0131m ve klas belgeleri, y\u00fckleme ve yolcu kay\u0131tlar\u0131, meteorolojik veriler incelenmektedir.\u201d ifadelerini kulland\u0131.<\/p>\n<p>Gerekirse T\u00fcrkiye\u2019den ve uluslararas\u0131 denizcilik kurulu\u015flar\u0131ndan ba\u011f\u0131ms\u0131z uzmanlar\u0131n da\u00a0 \u00e7al\u0131\u015fmalara dahil edilmesini sa\u011flayacaklar\u0131n\u0131n alt\u0131n\u0131 \u00e7izen Ar\u0131kl\u0131, \u201c\u00c7\u00fcnk\u00fc ger\u00e7eklerin ortaya \u00e7\u0131kmas\u0131 i\u00e7in sadece bizim kanaatimiz de\u011fil, uluslararas\u0131 kabul g\u00f6ren bilimsel y\u00f6ntemler esas al\u0131nmal\u0131d\u0131r.\u201d dedi.<\/p>\n<p>-\u201cBat\u0131k da incelenecek\u201d<\/p>\n<p>Geminin yakla\u015f\u0131k 500 metrenin \u00fczerindeki derinlikte bulundu\u011funun de\u011ferlendirildi\u011fini, bu nedenle bat\u0131\u011f\u0131n incelenmesinin teknik a\u00e7\u0131dan son derece zor olaca\u011f\u0131n\u0131 belirten Ar\u0131kl\u0131, \u015f\u00f6yle devam etti: <\/p>\n<p>\u201cAncak bu zorluk soru\u015fturman\u0131n \u00f6n\u00fcnde engel de\u011fildir. Yar\u0131n gelecek gemi ile uzaktan kumandal\u0131 sualt\u0131 ara\u00e7lar\u0131, sonar sistemleri ve di\u011fer modern teknolojiler kullan\u0131larak geminin \u00f6zellikle su alma ihtimali bulunan b\u00f6l\u00fcmleri incelenecektir. \u00c7\u00fcnk\u00fc bize g\u00f6re en \u00f6nemli sorulardan biri \u015fudur: Gemi tam olarak nereden ve nas\u0131l su ald\u0131? Bu sorunun cevab\u0131, kazan\u0131n nedeninin ortaya \u00e7\u0131kar\u0131lmas\u0131nda kilit rol oynayacakt\u0131r.\u201d<\/p>\n<p>-\u201cCan kay\u0131plar\u0131n\u0131n nedeni de ara\u015ft\u0131r\u0131lacak\u201d<\/p>\n<p>Sadece geminin neden batt\u0131\u011f\u0131n\u0131 ara\u015ft\u0131rmakla yetinmeyeceklerini vurgulayan Bakan Ar\u0131kl\u0131, \u015funlar\u0131 belirtti: <\/p>\n<p>\u201cAyn\u0131 zamanda \u015fu sorulara da cevap arayaca\u011f\u0131z: Gemi su almaya ba\u015flad\u0131\u011f\u0131nda alarm sistemi \u00e7al\u0131\u015ft\u0131 m\u0131? Yolcular zaman\u0131nda bilgilendirildi mi? Can yelekleri yeterli miydi? Tahliye prosed\u00fcr\u00fc do\u011fru uyguland\u0131 m\u0131? M\u00fcrettebat g\u00f6revlerini gere\u011fi gibi yerine getirdi mi? Yolcular\u0131n gemiden tahliyesi nas\u0131l ger\u00e7ekle\u015ftirildi? Kurtarma ekiplerine ilk ihbar ne zaman yap\u0131ld\u0131? \u0130hbar ile kurtarma ekiplerinin b\u00f6lgeye ula\u015fmas\u0131 aras\u0131nda ne kadar s\u00fcre ge\u00e7ti? Ve en \u00f6nemlisi: Kaybedilen canlar\u0131n bir k\u0131sm\u0131n\u0131n kurtar\u0131lmas\u0131 m\u00fcmk\u00fcn olabilir miydi? Bu sorular\u0131n tamam\u0131n\u0131n cevab\u0131n\u0131 arayaca\u011f\u0131z.\u201d<\/p>\n<p>-\u201cKamu g\u00f6revi makam\u0131 koruma makam\u0131 de\u011fildir; hesap verme makam\u0131d\u0131r\u201d<\/p>\n<p>A\u00e7\u0131klamas\u0131nda, siyasi sorumluluk konusuna da de\u011finen Ar\u0131kl\u0131, \u201cBen bu \u00fclkenin Ula\u015ft\u0131rma Bakan\u0131y\u0131m. Devletin denizcilik ve ula\u015ft\u0131rma sisteminin g\u00fcvenli\u011finin sa\u011flanmas\u0131 konusunda siyasi sorumlulu\u011fumun fark\u0131nday\u0131m. Ancak siyasi sorumluluk ile hen\u00fcz nedeni belirlenmemi\u015f bir kazan\u0131n failini ilan etmek ayn\u0131 \u015fey de\u011fildir.\u201d dedi.<\/p>\n<p>Soru\u015fturma tamamlanmadan herhangi bir ki\u015fi veya kurum hakk\u0131nda h\u00fck\u00fcm vermeyece\u011fini kaydeden Ar\u0131kl\u0131, \u201cE\u011fer soru\u015fturma sonucunda Bakanl\u0131\u011f\u0131m\u0131n veya Bakanl\u0131\u011f\u0131ma ba\u011fl\u0131 herhangi bir kurumun a\u00e7\u0131k bir ihmali, kusuru veya g\u00f6revini yerine getirmemesi tespit edilirse, bunun gere\u011fini yapmak konusunda hi\u00e7bir teredd\u00fct g\u00f6stermeyece\u011fim. Kamu g\u00f6revi makam\u0131 koruma makam\u0131 de\u011fildir; hesap verme makam\u0131d\u0131r.\u201d vurgusu yapt\u0131.<\/p>\n<p>-\u201cAma bug\u00fcn \u00f6nceli\u011fimiz istifa tart\u0131\u015fmas\u0131 de\u011fil\u201d<\/p>\n<p>\u201cBug\u00fcn kay\u0131p vatanda\u015flar\u0131m\u0131z aran\u0131rken, yaral\u0131lar\u0131m\u0131z hastanelerde tedavi edilirken ve aileler yak\u0131nlar\u0131ndan haber beklerken, b\u00fct\u00fcn enerjimizi siyasi polemiklere harcamay\u0131 do\u011fru bulmuyorum.\u201d diyen Ar\u0131kl\u0131, \u015funlar\u0131 belirtti: <\/p>\n<p>Bug\u00fcn bizim g\u00f6revimiz can kurtarmak. Kay\u0131plar\u0131m\u0131z\u0131 bulmak. Kazan\u0131n nedenini ortaya \u00e7\u0131karmak. Sorumlular varsa tespit etmek. Ve ayn\u0131 facian\u0131n bir daha ya\u015fanmamas\u0131 i\u00e7in gereken b\u00fct\u00fcn tedbirleri almakt\u0131r. Soru\u015fturma tamamland\u0131\u011f\u0131nda herkesin sorumlulu\u011fu, hi\u00e7bir makam g\u00f6zetilmeksizin ortaya konulacakt\u0131r.\u201d<\/p>\n<p>Elim kazada hayat\u0131n\u0131 kaybeden vatanda\u015flar\u0131 bir kez daha rahmetle anan, ailelerine ba\u015fsa\u011fl\u0131\u011f\u0131 dileyen Ar\u0131kl\u0131, kay\u0131plar\u0131n bulunmas\u0131 i\u00e7in \u00e7al\u0131\u015fmalar\u0131n\u0131 s\u00fcrd\u00fcrd\u00fcklerini belirtti. Yaral\u0131 vatanda\u015flara acil \u015fifalar dileyen Bakan Ar\u0131kl\u0131, \u201cDevletimizin b\u00fct\u00fcn kurumlar\u0131 g\u00f6rev ba\u015f\u0131ndad\u0131r. T\u00fcrkiye Cumhuriyeti\u2019nin ve T\u00fcrk halk\u0131n\u0131n g\u00f6sterdi\u011fi dayan\u0131\u015fmay\u0131 da ayr\u0131ca minnetle kar\u015f\u0131l\u0131yoruz. Kamuoyuna do\u011fru, teyit edilmi\u015f ve \u015feffaf bilgi vermeye devam edece\u011fiz. Milletimizin ba\u015f\u0131 sa\u011f olsun.\u201d dedi.<\/p>\n<p>-Ar\u0131kl\u0131 BRT\u2019de konu\u015ftu: \u201cGerekirse istifa ederim\u201d<\/p>\n<p>\u00d6te yandan Ar\u0131kl\u0131, BRT canl\u0131 yay\u0131n\u0131nda sorular\u0131 da yan\u0131tlad\u0131. Girne-Ta\u015fucu seferlerinin ne zaman ba\u015flayaca\u011f\u0131na y\u00f6nelik soruya kar\u015f\u0131l\u0131k Ar\u0131kl\u0131, hassas bir s\u00fcre\u00e7ten ge\u00e7ildi\u011fini, herkesin anlay\u0131\u015fl\u0131 olmas\u0131 gerekti\u011fini belirterek, <\/p>\n<p>Gazima\u011fusa-Mersin seferlerinin d\u00fcn itibar\u0131 ile ba\u015flad\u0131\u011f\u0131n\u0131 ancak Girne-Ta\u015fucu\u2019na \u015fu anda izin vermelerinin m\u00fcmk\u00fcn olmad\u0131\u011f\u0131n\u0131 kaydetti.<\/p>\n<p>Geminin VDR denilen kara kutusunu da arad\u0131klar\u0131na dikkat \u00e7eken Ar\u0131kl\u0131, bu hassas aramalar yap\u0131l\u0131rken, b\u00f6lgede normal hayat\u0131n devam etmesine izin veremeyeceklerini vurgulad\u0131, \u201cBirazc\u0131k daha sab\u0131rl\u0131 olunmas\u0131 laz\u0131m.\u201d dedi.<\/p>\n<p>Geminin neden batt\u0131\u011f\u0131n\u0131n teknik olarak a\u00e7\u0131klanmas\u0131n\u0131n sonras\u0131nda sa\u011fduyulu tart\u0131\u015fmaya ge\u00e7ilmesi gerekti\u011fini de ifade eden Ar\u0131kl\u0131, \u201cSorumlular varsa ben dahil gerekirse istifa ederim. Ancak \u015fu anda s\u0131ca\u011f\u0131 s\u0131ca\u011f\u0131na birilerine d\u00f6vmeye \u00e7al\u0131\u015fmak etik \u00f6l\u00e7\u00fclere s\u0131\u011fmayan bir davran\u0131\u015f.\u201d dedi. Sa\u011fduyu \u00e7a\u011fr\u0131s\u0131 yapan Ar\u0131kl\u0131, \u201cOrtada bir ihmal varsa bunun siyasi sorumlulu\u011funu ben dahil herkes \u00fcstlenir ama bunun ortaya \u00e7\u0131kmas\u0131 gerekiyor.\u201d diye konu\u015ftu.<\/p>\n<p>Geminin neden batt\u0131\u011f\u0131na dair birtak\u0131m tezlerin ortaya at\u0131ld\u0131\u011f\u0131na i\u015faret eden Ar\u0131kl\u0131, hem mahkeme s\u00fcrecinin hem de teknik incelemelerin devam etti\u011fini dile getirerek, \u201cAs\u0131l sorulara cevab\u0131, VDR cihaz\u0131n\u0131 bulduktan sonra verebilece\u011fiz. Ondan sonra gereken neyse siyasi sorumluluk da gerekiyorsa onu da yerine getiririz.\u201d dedi.<\/p>\n<p>-\u201cGemi yar\u0131n sabah burada olacak\u201d<\/p>\n<p>T\u00fcrk Deniz Kuvvetleri envanterinde yer alan I\u015f\u0131n s\u0131n\u0131f\u0131 bir kurtarma ve yedekleme gemisi olan TCG I\u015f\u0131n adl\u0131 geminin Girne\u2019ye do\u011fru seyir halinde oldu\u011funun hat\u0131rlat\u0131lmas\u0131 \u00fczerine Bakan Ar\u0131kl\u0131, geminin yar\u0131n sabah itibar\u0131 ile Girne\u2019de olaca\u011f\u0131n\u0131 kaydetti. Geminin 1400 metreye kadar tetkik yapabilen bir gemi oldu\u011funu ifade eden Ar\u0131kl\u0131, 514 metrede olan bat\u0131\u011fa ula\u015fabilecek kapasiteye, teknik donan\u0131ma sahip oldu\u011funu s\u00f6yledi. <\/p>\n<p>Ar\u0131kl\u0131, \u201cHem kay\u0131p yolcular\u0131m\u0131za bakabilece\u011fiz hem de VDR cihaz\u0131na ula\u015fmaya \u00e7al\u0131\u015f\u0131p, ayn\u0131 zamanda da geminin ilgili b\u00f6l\u00fcmlerindeki hasarlar\u0131 tespit etmeye \u00e7al\u0131\u015faca\u011f\u0131z. Ondan sonra da bat\u0131\u011f\u0131 yukar\u0131ya \u00e7\u0131kartabilme imkan\u0131m\u0131z var m\u0131 onlara bakaca\u011f\u0131z. Bunlar\u0131n hepsi bir s\u00fcre\u00e7 istiyor.\u201d dedi.<\/p>\n<p>-Hava ula\u015f\u0131m\u0131\u2026 \u201cEk sefer talep ettik\u201d<\/p>\n<p>Hava ula\u015f\u0131m\u0131nda y\u00fckseli\u015fte olan bilet fiyatlar\u0131yla ilgili ise Pegasus, T\u00fcrk Hava Yollar\u0131 ve Anadolu Jet\u2019ten ek sefer talep ettiklerini belirterek,bunun de\u011ferlendirildi\u011fini s\u00f6yledi.<\/p>\n<p>\u00a0<\/p>\n<\/p>\n<p><img decoding=\"async\" width=\"791\" height=\"1024\" src=\"https:\/\/www.kibrishost.com\/tak\/wp-content\/uploads\/2026\/08\/arikli-ihmal-varsa-geregi-yapilacak-hic-kimse-sorusturmanin-disinda-tutulmayacak-1-791x1024.jpeg\" class=\"aligncenter wp-image-150536\" alt=\"Ar\u0131kl\u0131: \u201c\u0130hmal varsa gere\u011fi yap\u0131lacak\u2026 Hi\u00e7 kimse soru\u015fturman\u0131n d\u0131\u015f\u0131nda tutulmayacak\u201d\" loading=\"lazy\" srcset=\"https:\/\/www.kibrishost.com\/tak\/wp-content\/uploads\/2026\/08\/arikli-ihmal-varsa-geregi-yapilacak-hic-kimse-sorusturmanin-disinda-tutulmayacak-1-791x1024.jpeg 791w, https:\/\/www.kibrishost.com\/tak\/wp-content\/uploads\/2026\/08\/arikli-ihmal-varsa-geregi-yapilacak-hic-kimse-sorusturmanin-disinda-tutulmayacak-1-232x300.jpeg 232w, https:\/\/www.kibrishost.com\/tak\/wp-content\/uploads\/2026\/08\/arikli-ihmal-varsa-geregi-yapilacak-hic-kimse-sorusturmanin-disinda-tutulmayacak-1-768x994.jpeg 768w, https:\/\/www.kibrishost.com\/tak\/wp-content\/uploads\/2026\/08\/arikli-ihmal-varsa-geregi-yapilacak-hic-kimse-sorusturmanin-disinda-tutulmayacak-1-1187x1536.jpeg 1187w, https:\/\/www.kibrishost.com\/tak\/wp-content\/uploads\/2026\/08\/arikli-ihmal-varsa-geregi-yapilacak-hic-kimse-sorusturmanin-disinda-tutulmayacak-1.jpeg 1236w\" sizes=\"(max-width: 791px) 100vw, 791px\" \/><\/p>\n<p><img decoding=\"async\" width=\"1024\" height=\"506\" src=\"https:\/\/www.kibrishost.com\/tak\/wp-content\/uploads\/2026\/08\/arikli-ihmal-varsa-geregi-yapilacak-hic-kimse-sorusturmanin-disinda-tutulmayacak-2-1024x506.jpeg\" class=\"aligncenter wp-image-150537\" alt=\"Ar\u0131kl\u0131: \u201c\u0130hmal varsa gere\u011fi yap\u0131lacak\u2026 Hi\u00e7 kimse soru\u015fturman\u0131n d\u0131\u015f\u0131nda tutulmayacak\u201d\" loading=\"lazy\" srcset=\"https:\/\/www.kibrishost.com\/tak\/wp-content\/uploads\/2026\/08\/arikli-ihmal-varsa-geregi-yapilacak-hic-kimse-sorusturmanin-disinda-tutulmayacak-2-1024x506.jpeg 1024w, https:\/\/www.kibrishost.com\/tak\/wp-content\/uploads\/2026\/08\/arikli-ihmal-varsa-geregi-yapilacak-hic-kimse-sorusturmanin-disinda-tutulmayacak-2-300x148.jpeg 300w, https:\/\/www.kibrishost.com\/tak\/wp-content\/uploads\/2026\/08\/arikli-ihmal-varsa-geregi-yapilacak-hic-kimse-sorusturmanin-disinda-tutulmayacak-2-768x379.jpeg 768w, https:\/\/www.kibrishost.com\/tak\/wp-content\/uploads\/2026\/08\/arikli-ihmal-varsa-geregi-yapilacak-hic-kimse-sorusturmanin-disinda-tutulmayacak-2.jpeg 1126w\" sizes=\"(max-width: 1024px) 100vw, 1024px\" \/><\/p>\n","protected":false},"excerpt":{"rendered":"<p>Bay\u0131nd\u0131rl\u0131k ve Ula\u015ft\u0131rma Bakan\u0131 Erhan Ar\u0131kl\u0131, gemi kazas\u0131yla ilgili herhangi bir kamu g\u00f6revlisinin, kurumun veya \u00f6zel \u015firketin g\u00f6revini ihmal etti\u011fi ortaya \u00e7\u0131karsa, bunun gere\u011finin yap\u0131laca\u011f\u0131n\u0131 vurgulayarak, \u201cHi\u00e7 kimse makam\u0131na, g\u00f6revine veya konumuna bak\u0131lmaks\u0131z\u0131n soru\u015fturman\u0131n d\u0131\u015f\u0131nda tutulmayacakt\u0131r.\u201d dedi. Olay\u0131n yaln\u0131zca adli bir soru\u015fturma olarak kalmas\u0131n\u0131 yeterli g\u00f6rmedi\u011fini kaydeden Bakan Ar\u0131kl\u0131, kazan\u0131n teknik ve idari boyutunun da &hellip;<\/p>\n","protected":false},"author":1,"featured_media":150535,"comment_status":"open","ping_status":"open","sticky":false,"template":"","format":"standard","meta":{"footnotes":""},"categories":[2],"tags":[358,6917,12637,3330,12684,2764,12643,48647,8929,422],"class_list":["post-150534","post","type-post","status-publish","format-standard","has-post-thumbnail","hentry","category-kibris","tag-arikli","tag-disinda","tag-geregi","tag-hic","tag-ihmal","tag-kimse","tag-sorusturmanin","tag-tutulmayacak","tag-varsa","tag-yapilacak"],"_links":{"self":[{"href":"https:\/\/www.kibrishost.com\/tak\/wp-json\/wp\/v2\/posts\/150534"}],"collection":[{"href":"https:\/\/www.kibrishost.com\/tak\/wp-json\/wp\/v2\/posts"}],"about":[{"href":"https:\/\/www.kibrishost.com\/tak\/wp-json\/wp\/v2\/types\/post"}],"author":[{"embeddable":true,"href":"https:\/\/www.kibrishost.com\/tak\/wp-json\/wp\/v2\/users\/1"}],"replies":[{"embeddable":true,"href":"https:\/\/www.kibrishost.com\/tak\/wp-json\/wp\/v2\/comments?post=150534"}],"version-history":[{"count":1,"href":"https:\/\/www.kibrishost.com\/tak\/wp-json\/wp\/v2\/posts\/150534\/revisions"}],"predecessor-version":[{"id":150538,"href":"https:\/\/www.kibrishost.com\/tak\/wp-json\/wp\/v2\/posts\/150534\/revisions\/150538"}],"wp:featuredmedia":[{"embeddable":true,"href":"https:\/\/www.kibrishost.com\/tak\/wp-json\/wp\/v2\/media\/150535"}],"wp:attachment":[{"href":"https:\/\/www.kibrishost.com\/tak\/wp-json\/wp\/v2\/media?parent=150534"}],"wp:term":[{"taxonomy":"category","embeddable":true,"href":"https:\/\/www.kibrishost.com\/tak\/wp-json\/wp\/v2\/categories?post=150534"},{"taxonomy":"post_tag","embeddable":true,"href":"https:\/\/www.kibrishost.com\/tak\/wp-json\/wp\/v2\/tags?post=150534"}],"curies":[{"name":"wp","href":"https:\/\/api.w.org\/{rel}","templated":true}]}}