{"id":150532,"date":"2026-08-31T14:01:03","date_gmt":"2026-08-31T11:01:03","guid":{"rendered":"https:\/\/www.kibrishost.com\/tak\/pazar-gunu-yapilmasi-planlanan-5-sirinevler-gonnara-festivali-ertelendi\/"},"modified":"2026-08-31T14:01:03","modified_gmt":"2026-08-31T11:01:03","slug":"pazar-gunu-yapilmasi-planlanan-5-sirinevler-gonnara-festivali-ertelendi","status":"publish","type":"post","link":"https:\/\/www.kibrishost.com\/tak\/pazar-gunu-yapilmasi-planlanan-5-sirinevler-gonnara-festivali-ertelendi\/","title":{"rendered":"Pazar g\u00fcn\u00fc yap\u0131lmas\u0131 planlanan 5. \u015eirinevler Gonnara Festivali ertelendi"},"content":{"rendered":"<p>5. \u015eirinevler Gonnara Festivali ileriki bir tarihe ertelendi.<\/p>\n<p>Dikmen Belediyesi ve \u015eirinevler Muhtarl\u0131\u011f\u0131, 6 Eyl\u00fcl 2026 Pazar g\u00fcn\u00fc ger\u00e7ekle\u015ftirmeyi planlad\u0131klar\u0131 \u00a05. \u015eirinevler Gonnara Festivali\u2019ni, \u00fclkede ya\u015fanan deniz felaketi nedeniyle ertelediklerini a\u00e7\u0131klad\u0131.<\/p>\n<p>A\u00e7\u0131klamada, ya\u015fanan kazada hayat\u0131n\u0131 kaybeden vatanda\u015flar Allah&#8217;tan rahmet, ailelerine ve yak\u0131nlar\u0131na ba\u015fsa\u011fl\u0131\u011f\u0131 dilendi. A\u00e7\u0131klamada yaral\u0131lara acil \u015fifa, kay\u0131plar\u0131n da bir an \u00f6nce bulunmas\u0131 temennisinde bulunuldu.<\/p><\/p>\n","protected":false},"excerpt":{"rendered":"<p>5. \u015eirinevler Gonnara Festivali ileriki bir tarihe ertelendi. Dikmen Belediyesi ve \u015eirinevler Muhtarl\u0131\u011f\u0131, 6 Eyl\u00fcl 2026 Pazar g\u00fcn\u00fc ger\u00e7ekle\u015ftirmeyi planlad\u0131klar\u0131 \u00a05. \u015eirinevler Gonnara Festivali\u2019ni, \u00fclkede ya\u015fanan deniz felaketi nedeniyle ertelediklerini a\u00e7\u0131klad\u0131. A\u00e7\u0131klamada, ya\u015fanan kazada hayat\u0131n\u0131 kaybeden vatanda\u015flar Allah&#8217;tan rahmet, ailelerine ve yak\u0131nlar\u0131na ba\u015fsa\u011fl\u0131\u011f\u0131 dilendi. A\u00e7\u0131klamada yaral\u0131lara acil \u015fifa, kay\u0131plar\u0131n da bir an \u00f6nce bulunmas\u0131 temennisinde &hellip;<\/p>\n","protected":false},"author":1,"featured_media":150533,"comment_status":"open","ping_status":"open","sticky":false,"template":"","format":"standard","meta":{"footnotes":""},"categories":[2],"tags":[6617,339,5912,607,787,6232,5911,4935],"class_list":["post-150532","post","type-post","status-publish","format-standard","has-post-thumbnail","hentry","category-kibris","tag-ertelendi","tag-festivali","tag-gonnara","tag-gunu","tag-pazar","tag-planlanan","tag-sirinevler","tag-yapilmasi"],"_links":{"self":[{"href":"https:\/\/www.kibrishost.com\/tak\/wp-json\/wp\/v2\/posts\/150532"}],"collection":[{"href":"https:\/\/www.kibrishost.com\/tak\/wp-json\/wp\/v2\/posts"}],"about":[{"href":"https:\/\/www.kibrishost.com\/tak\/wp-json\/wp\/v2\/types\/post"}],"author":[{"embeddable":true,"href":"https:\/\/www.kibrishost.com\/tak\/wp-json\/wp\/v2\/users\/1"}],"replies":[{"embeddable":true,"href":"https:\/\/www.kibrishost.com\/tak\/wp-json\/wp\/v2\/comments?post=150532"}],"version-history":[{"count":0,"href":"https:\/\/www.kibrishost.com\/tak\/wp-json\/wp\/v2\/posts\/150532\/revisions"}],"wp:featuredmedia":[{"embeddable":true,"href":"https:\/\/www.kibrishost.com\/tak\/wp-json\/wp\/v2\/media\/150533"}],"wp:attachment":[{"href":"https:\/\/www.kibrishost.com\/tak\/wp-json\/wp\/v2\/media?parent=150532"}],"wp:term":[{"taxonomy":"category","embeddable":true,"href":"https:\/\/www.kibrishost.com\/tak\/wp-json\/wp\/v2\/categories?post=150532"},{"taxonomy":"post_tag","embeddable":true,"href":"https:\/\/www.kibrishost.com\/tak\/wp-json\/wp\/v2\/tags?post=150532"}],"curies":[{"name":"wp","href":"https:\/\/api.w.org\/{rel}","templated":true}]}}