{"id":150526,"date":"2026-08-31T13:30:52","date_gmt":"2026-08-31T10:30:52","guid":{"rendered":"https:\/\/www.kibrishost.com\/tak\/tam-partinin-kurulus-yil-donumu-etkinligi-ertelendi\/"},"modified":"2026-08-31T13:30:52","modified_gmt":"2026-08-31T10:30:52","slug":"tam-partinin-kurulus-yil-donumu-etkinligi-ertelendi","status":"publish","type":"post","link":"https:\/\/www.kibrishost.com\/tak\/tam-partinin-kurulus-yil-donumu-etkinligi-ertelendi\/","title":{"rendered":"TAM Parti&#8217;nin kurulu\u015f y\u0131l d\u00f6n\u00fcm\u00fc etkinli\u011fi ertelendi"},"content":{"rendered":"<p>TAM Parti\u2019nin per\u015fembe ak\u015fam\u0131 ger\u00e7ekle\u015ftirmeyi planlad\u0131\u011f\u0131 kurulu\u015f y\u0131l d\u00f6n\u00fcm\u00fc etkinli\u011fi ileri bir tarihe ertelendi.<\/p>\n<p>TAM Parti yapt\u0131\u011f\u0131 yaz\u0131l\u0131 a\u00e7\u0131klamada, dayan\u0131\u015fma masas\u0131 olu\u015fturduklar\u0131n\u0131 ve kazadan etkilenen vatanda\u015flara, hukuki dan\u0131\u015fmanl\u0131k, psikolojik destek ve ma\u011fdurlar\u0131n t\u00fcm resm\u00ee i\u015flemlerinde rehberlik sa\u011flayacak koordinasyon merkezine <a href=\"tel:0548%20895%2008%2026\" target=\"_blank\" rel=\"noopener\">0548 895 08 26<\/a> numaral\u0131 telefondan ula\u015f\u0131labilece\u011fini belirtti.<\/p>\n<\/p>\n<p>\u00a0(AK)<\/p>\n<\/p>\n<p>\u00a0<\/p><\/p>\n","protected":false},"excerpt":{"rendered":"<p>TAM Parti\u2019nin per\u015fembe ak\u015fam\u0131 ger\u00e7ekle\u015ftirmeyi planlad\u0131\u011f\u0131 kurulu\u015f y\u0131l d\u00f6n\u00fcm\u00fc etkinli\u011fi ileri bir tarihe ertelendi. TAM Parti yapt\u0131\u011f\u0131 yaz\u0131l\u0131 a\u00e7\u0131klamada, dayan\u0131\u015fma masas\u0131 olu\u015fturduklar\u0131n\u0131 ve kazadan etkilenen vatanda\u015flara, hukuki dan\u0131\u015fmanl\u0131k, psikolojik destek ve ma\u011fdurlar\u0131n t\u00fcm resm\u00ee i\u015flemlerinde rehberlik sa\u011flayacak koordinasyon merkezine 0548 895 08 26 numaral\u0131 telefondan ula\u015f\u0131labilece\u011fini belirtti. \u00a0(AK) \u00a0<\/p>\n","protected":false},"author":1,"featured_media":150527,"comment_status":"open","ping_status":"open","sticky":false,"template":"","format":"standard","meta":{"footnotes":""},"categories":[2],"tags":[211,6617,2847,2064,1758,2541,83],"class_list":["post-150526","post","type-post","status-publish","format-standard","has-post-thumbnail","hentry","category-kibris","tag-donumu","tag-ertelendi","tag-etkinligi","tag-kurulus","tag-partinin","tag-tam","tag-yil"],"_links":{"self":[{"href":"https:\/\/www.kibrishost.com\/tak\/wp-json\/wp\/v2\/posts\/150526"}],"collection":[{"href":"https:\/\/www.kibrishost.com\/tak\/wp-json\/wp\/v2\/posts"}],"about":[{"href":"https:\/\/www.kibrishost.com\/tak\/wp-json\/wp\/v2\/types\/post"}],"author":[{"embeddable":true,"href":"https:\/\/www.kibrishost.com\/tak\/wp-json\/wp\/v2\/users\/1"}],"replies":[{"embeddable":true,"href":"https:\/\/www.kibrishost.com\/tak\/wp-json\/wp\/v2\/comments?post=150526"}],"version-history":[{"count":0,"href":"https:\/\/www.kibrishost.com\/tak\/wp-json\/wp\/v2\/posts\/150526\/revisions"}],"wp:featuredmedia":[{"embeddable":true,"href":"https:\/\/www.kibrishost.com\/tak\/wp-json\/wp\/v2\/media\/150527"}],"wp:attachment":[{"href":"https:\/\/www.kibrishost.com\/tak\/wp-json\/wp\/v2\/media?parent=150526"}],"wp:term":[{"taxonomy":"category","embeddable":true,"href":"https:\/\/www.kibrishost.com\/tak\/wp-json\/wp\/v2\/categories?post=150526"},{"taxonomy":"post_tag","embeddable":true,"href":"https:\/\/www.kibrishost.com\/tak\/wp-json\/wp\/v2\/tags?post=150526"}],"curies":[{"name":"wp","href":"https:\/\/api.w.org\/{rel}","templated":true}]}}