{"id":150521,"date":"2026-08-31T13:20:19","date_gmt":"2026-08-31T10:20:19","guid":{"rendered":"https:\/\/www.kibrishost.com\/tak\/gemi-faciasiyla-ilgili-9-zanli-hakkinda-3er-gun-tutukluluk-karari\/"},"modified":"2026-08-31T13:20:26","modified_gmt":"2026-08-31T10:20:26","slug":"gemi-faciasiyla-ilgili-9-zanli-hakkinda-3er-gun-tutukluluk-karari","status":"publish","type":"post","link":"https:\/\/www.kibrishost.com\/tak\/gemi-faciasiyla-ilgili-9-zanli-hakkinda-3er-gun-tutukluluk-karari\/","title":{"rendered":"Gemi facias\u0131yla ilgili 9 zanl\u0131 hakk\u0131nda 3\u2019er g\u00fcn tutukluluk karar\u0131"},"content":{"rendered":"<p>D\u00fcn ya\u015fanan gemi kazas\u0131na ili\u015fkin, Girne Kaza Mahkemesi\u2019nde saat 11.30\u2019da ba\u015flayan duru\u015fmada Yarg\u0131\u00e7 Hazal Hac\u0131mulla 9 zanl\u0131 hakk\u0131nda 3\u2019er g\u00fcn tutukluluk karar\u0131 verdi.<\/p>\n<p>Yarg\u0131\u00e7 Hazal Hac\u0131mulla\u2019n\u0131n mahkemeye getirilmesini emretti\u011fi 16 ki\u015fiden 14\u2019\u00fc mahkemeye \u00e7\u0131kar\u0131ld\u0131.<\/p>\n<p>Sabahki duru\u015fmaya da getirilen kaptan, 7 m\u00fcrettebat ve 1 \u015firket yetkilisinden olu\u015fan 9 ki\u015finin yan\u0131s\u0131ra, aralar\u0131nda \u015firket hissedarlar\u0131 ve Liman m\u00fcd\u00fcrl\u00fc\u011f\u00fc yetkililerinin de bulundu\u011fu 5 ki\u015fi de saat 11.30\u2019da ba\u015flayan duru\u015fmaya getirildi. <\/p>\n<p>Yarg\u0131\u00e7 Hazal Hac\u0131mulla, kaptan, 7 m\u00fcrettebat ve 1 \u015firket yetkilisinden olu\u015fan 9 ki\u015fi hakk\u0131nda 3\u2019er g\u00fcn tutukluluk karar\u0131 verdi.\u00a0 Yarg\u0131\u00e7 Hac\u0131mulla, duru\u015fmaya getirilen di\u011fer 5 ki\u015fi hakk\u0131nda da derhal tahkikat ba\u015flat\u0131lmas\u0131 emrini verdi.<\/p>\n<\/p>\n<p>Ek verilecek&#8230;&#8230;<\/p>\n<p>Haber: An\u0131l I\u015f\u0131k<\/p>\n<p>Foto\u011fraf: S\u00fcleyman \u00d6nal<\/p>\n<\/p>\n<p><img decoding=\"async\" width=\"1024\" height=\"683\" src=\"https:\/\/www.kibrishost.com\/tak\/wp-content\/uploads\/2026\/08\/gemi-faciasiyla-ilgili-9-zanli-hakkinda-3er-gun-tutukluluk-karari-1-1024x683.jpeg\" class=\"aligncenter wp-image-150523\" alt=\"Gemi facias\u0131yla ilgili 9 zanl\u0131 hakk\u0131nda 3\u2019er g\u00fcn tutukluluk karar\u0131\" loading=\"lazy\" srcset=\"https:\/\/www.kibrishost.com\/tak\/wp-content\/uploads\/2026\/08\/gemi-faciasiyla-ilgili-9-zanli-hakkinda-3er-gun-tutukluluk-karari-1-1024x683.jpeg 1024w, https:\/\/www.kibrishost.com\/tak\/wp-content\/uploads\/2026\/08\/gemi-faciasiyla-ilgili-9-zanli-hakkinda-3er-gun-tutukluluk-karari-1-300x200.jpeg 300w, https:\/\/www.kibrishost.com\/tak\/wp-content\/uploads\/2026\/08\/gemi-faciasiyla-ilgili-9-zanli-hakkinda-3er-gun-tutukluluk-karari-1-768x512.jpeg 768w, https:\/\/www.kibrishost.com\/tak\/wp-content\/uploads\/2026\/08\/gemi-faciasiyla-ilgili-9-zanli-hakkinda-3er-gun-tutukluluk-karari-1-1536x1024.jpeg 1536w, https:\/\/www.kibrishost.com\/tak\/wp-content\/uploads\/2026\/08\/gemi-faciasiyla-ilgili-9-zanli-hakkinda-3er-gun-tutukluluk-karari-1.jpeg 1620w\" sizes=\"(max-width: 1024px) 100vw, 1024px\" \/><\/p>\n<p><img decoding=\"async\" width=\"1024\" height=\"683\" src=\"https:\/\/www.kibrishost.com\/tak\/wp-content\/uploads\/2026\/08\/gemi-faciasiyla-ilgili-9-zanli-hakkinda-3er-gun-tutukluluk-karari-2-1024x683.jpeg\" class=\"aligncenter wp-image-150524\" alt=\"Gemi facias\u0131yla ilgili 9 zanl\u0131 hakk\u0131nda 3\u2019er g\u00fcn tutukluluk karar\u0131\" loading=\"lazy\" srcset=\"https:\/\/www.kibrishost.com\/tak\/wp-content\/uploads\/2026\/08\/gemi-faciasiyla-ilgili-9-zanli-hakkinda-3er-gun-tutukluluk-karari-2-1024x683.jpeg 1024w, https:\/\/www.kibrishost.com\/tak\/wp-content\/uploads\/2026\/08\/gemi-faciasiyla-ilgili-9-zanli-hakkinda-3er-gun-tutukluluk-karari-2-300x200.jpeg 300w, https:\/\/www.kibrishost.com\/tak\/wp-content\/uploads\/2026\/08\/gemi-faciasiyla-ilgili-9-zanli-hakkinda-3er-gun-tutukluluk-karari-2-768x512.jpeg 768w, https:\/\/www.kibrishost.com\/tak\/wp-content\/uploads\/2026\/08\/gemi-faciasiyla-ilgili-9-zanli-hakkinda-3er-gun-tutukluluk-karari-2-1536x1024.jpeg 1536w, https:\/\/www.kibrishost.com\/tak\/wp-content\/uploads\/2026\/08\/gemi-faciasiyla-ilgili-9-zanli-hakkinda-3er-gun-tutukluluk-karari-2.jpeg 1620w\" sizes=\"(max-width: 1024px) 100vw, 1024px\" \/><\/p>\n","protected":false},"excerpt":{"rendered":"<p>D\u00fcn ya\u015fanan gemi kazas\u0131na ili\u015fkin, Girne Kaza Mahkemesi\u2019nde saat 11.30\u2019da ba\u015flayan duru\u015fmada Yarg\u0131\u00e7 Hazal Hac\u0131mulla 9 zanl\u0131 hakk\u0131nda 3\u2019er g\u00fcn tutukluluk karar\u0131 verdi. Yarg\u0131\u00e7 Hazal Hac\u0131mulla\u2019n\u0131n mahkemeye getirilmesini emretti\u011fi 16 ki\u015fiden 14\u2019\u00fc mahkemeye \u00e7\u0131kar\u0131ld\u0131. Sabahki duru\u015fmaya da getirilen kaptan, 7 m\u00fcrettebat ve 1 \u015firket yetkilisinden olu\u015fan 9 ki\u015finin yan\u0131s\u0131ra, aralar\u0131nda \u015firket hissedarlar\u0131 ve Liman m\u00fcd\u00fcrl\u00fc\u011f\u00fc &hellip;<\/p>\n","protected":false},"author":1,"featured_media":150522,"comment_status":"open","ping_status":"open","sticky":false,"template":"","format":"standard","meta":{"footnotes":""},"categories":[2],"tags":[48646,48630,16445,2515,1312,2322,476,6832,3049],"class_list":["post-150521","post","type-post","status-publish","format-standard","has-post-thumbnail","hentry","category-kibris","tag-3er","tag-faciasiyla","tag-gemi","tag-gun","tag-hakkinda","tag-ilgili","tag-karari","tag-tutukluluk","tag-zanli"],"_links":{"self":[{"href":"https:\/\/www.kibrishost.com\/tak\/wp-json\/wp\/v2\/posts\/150521"}],"collection":[{"href":"https:\/\/www.kibrishost.com\/tak\/wp-json\/wp\/v2\/posts"}],"about":[{"href":"https:\/\/www.kibrishost.com\/tak\/wp-json\/wp\/v2\/types\/post"}],"author":[{"embeddable":true,"href":"https:\/\/www.kibrishost.com\/tak\/wp-json\/wp\/v2\/users\/1"}],"replies":[{"embeddable":true,"href":"https:\/\/www.kibrishost.com\/tak\/wp-json\/wp\/v2\/comments?post=150521"}],"version-history":[{"count":1,"href":"https:\/\/www.kibrishost.com\/tak\/wp-json\/wp\/v2\/posts\/150521\/revisions"}],"predecessor-version":[{"id":150525,"href":"https:\/\/www.kibrishost.com\/tak\/wp-json\/wp\/v2\/posts\/150521\/revisions\/150525"}],"wp:featuredmedia":[{"embeddable":true,"href":"https:\/\/www.kibrishost.com\/tak\/wp-json\/wp\/v2\/media\/150522"}],"wp:attachment":[{"href":"https:\/\/www.kibrishost.com\/tak\/wp-json\/wp\/v2\/media?parent=150521"}],"wp:term":[{"taxonomy":"category","embeddable":true,"href":"https:\/\/www.kibrishost.com\/tak\/wp-json\/wp\/v2\/categories?post=150521"},{"taxonomy":"post_tag","embeddable":true,"href":"https:\/\/www.kibrishost.com\/tak\/wp-json\/wp\/v2\/tags?post=150521"}],"curies":[{"name":"wp","href":"https:\/\/api.w.org\/{rel}","templated":true}]}}