{"id":150515,"date":"2026-08-31T13:10:11","date_gmt":"2026-08-31T10:10:11","guid":{"rendered":"https:\/\/www.kibrishost.com\/tak\/israil-ile-yunanistan-asil-kalkani-hava-savunma-anlasmasini-imzaladi\/"},"modified":"2026-08-31T13:10:11","modified_gmt":"2026-08-31T10:10:11","slug":"israil-ile-yunanistan-asil-kalkani-hava-savunma-anlasmasini-imzaladi","status":"publish","type":"post","link":"https:\/\/www.kibrishost.com\/tak\/israil-ile-yunanistan-asil-kalkani-hava-savunma-anlasmasini-imzaladi\/","title":{"rendered":"\u0130srail ile Yunanistan, &#8220;A\u015fil Kalkan\u0131&#8221; hava savunma anla\u015fmas\u0131n\u0131 imzalad\u0131"},"content":{"rendered":"<p>\u0130srail Savunma Bakanl\u0131\u011f\u0131 ile Yunanistan Savunma Bakanl\u0131\u011f\u0131 aras\u0131nda Tel Aviv&#8217;de yakla\u015f\u0131k 3 milyar avro de\u011ferindeki &#8220;A\u015fil Kalkan\u0131&#8221; hava savunma anla\u015fmas\u0131 imzaland\u0131.<\/p>\n<p>\u0130srail Savunma Bakanl\u0131\u011f\u0131ndan yap\u0131lan a\u00e7\u0131klamada, s\u00f6z konusu anla\u015fman\u0131n \u0130srail-Yunanistan ili\u015fkilerinde bug\u00fcne kadarki &#8220;en b\u00fcy\u00fck savunma ihracat\u0131 anla\u015fmas\u0131 ve \u0130srail&#8217;in tarihindeki en b\u00fcy\u00fck anla\u015fmalardan biri oldu\u011fu&#8221; vurguland\u0131.<\/p>\n<p>\u0130srail&#8217;in Tel Aviv&#8217;deki Savunma Bakanl\u0131\u011f\u0131 kompleksinde ger\u00e7ekle\u015ftirilen imza t\u00f6renine iki \u00fclkenin Savunma Bakanl\u0131\u011f\u0131 yetkilileri kat\u0131ld\u0131.<\/p>\n<p>A\u00e7\u0131klamada, &#8220;10 milyar \u015fekeli a\u015fk\u0131n (yakla\u015f\u0131k 3 milyar avro)&#8221; de\u011ferdeki &#8220;A\u015fil Kalkan\u0131&#8221; anla\u015fmas\u0131 kapsam\u0131nda \u0130srail&#8217;in, Yunanistan&#8217;da David&#8217;s Sling (Davud Sapan\u0131) sistemleri ve Israel Aerospace Industries (IAI) taraf\u0131ndan kurulacak u\u00e7aklara ve f\u00fczelere kar\u015f\u0131 savunma i\u00e7in Barak MX sistemi dahil olmak \u00fczere \u00e7ok katmanl\u0131 bir hava savunma a\u011f\u0131 kuraca\u011f\u0131 kaydedildi.<\/p>\n<p>Anla\u015fman\u0131n Rafael \u015firketinin Davud Sapan\u0131 ve IAI&#8217;n\u0131n Barak MX sistemlerinin yan\u0131 s\u0131ra yine Rafael&#8217;in Spyder ve IAI&#8217;n\u0131n hava kontrol\u00fcne y\u00f6nelik MMR tipi \u00e7ok g\u00f6revli radarlar\u0131n\u0131 da i\u00e7erdi\u011fi belirtildi.<\/p>\n<p>Bunun yan\u0131nda Rafael&#8217;in \u00f6nc\u00fcl\u00fc\u011f\u00fcnde geli\u015ftirilecek yeni bir ulusal komuta ve kontrol sistemi de anla\u015fmada yer ald\u0131.<\/p>\n<p>A\u00e7\u0131klamada, &#8220;A\u015fil Kalkan\u0131&#8221; anla\u015fmas\u0131n\u0131n yan\u0131 s\u0131ra, stratejik tesisleri insans\u0131z hava ara\u00e7lar\u0131na kar\u015f\u0131 korumak ve mevcut savunmay\u0131 g\u00fc\u00e7lendirmek amac\u0131yla Rafael&#8217;in Drone Dome sistemlerinin sat\u0131\u015f\u0131 i\u00e7in de 26 milyon avro (yakla\u015f\u0131k 92 milyon \u015fekel) tutar\u0131nda ek bir anla\u015fma imzaland\u0131\u011f\u0131 bildirildi.<\/p>\n<p>\u0130srail Savunma Bakanl\u0131\u011f\u0131n\u0131n a\u00e7\u0131klamas\u0131nda, &#8220;\u0130srail, Yunanistan&#8217;\u0131n yerli sanayisine bilgi ve teknoloji transferi dahil olmak \u00fczere, sanayi-savunma alan\u0131ndaki i\u015fbirli\u011fini art\u0131racakt\u0131r. Bu proje, Do\u011fu Akdeniz&#8217;de \u0130srail&#8217;in kilit stratejik orta\u011f\u0131 olan Yunanistan ile \u0130srail aras\u0131ndaki savunma i\u015fbirli\u011finin bir ba\u015fka zirvesini olu\u015fturmaktad\u0131r.&#8221; ifadelerine yer verildi.<\/p><\/p>\n","protected":false},"excerpt":{"rendered":"<p>\u0130srail Savunma Bakanl\u0131\u011f\u0131 ile Yunanistan Savunma Bakanl\u0131\u011f\u0131 aras\u0131nda Tel Aviv&#8217;de yakla\u015f\u0131k 3 milyar avro de\u011ferindeki &#8220;A\u015fil Kalkan\u0131&#8221; hava savunma anla\u015fmas\u0131 imzaland\u0131. \u0130srail Savunma Bakanl\u0131\u011f\u0131ndan yap\u0131lan a\u00e7\u0131klamada, s\u00f6z konusu anla\u015fman\u0131n \u0130srail-Yunanistan ili\u015fkilerinde bug\u00fcne kadarki &#8220;en b\u00fcy\u00fck savunma ihracat\u0131 anla\u015fmas\u0131 ve \u0130srail&#8217;in tarihindeki en b\u00fcy\u00fck anla\u015fmalardan biri oldu\u011fu&#8221; vurguland\u0131. \u0130srail&#8217;in Tel Aviv&#8217;deki Savunma Bakanl\u0131\u011f\u0131 kompleksinde ger\u00e7ekle\u015ftirilen imza &hellip;<\/p>\n","protected":false},"author":1,"featured_media":150516,"comment_status":"open","ping_status":"open","sticky":false,"template":"","format":"standard","meta":{"footnotes":""},"categories":[4],"tags":[2227,3868,699,499,2045,372,12771,1182,1063],"class_list":["post-150515","post","type-post","status-publish","format-standard","has-post-thumbnail","hentry","category-dunya","tag-anlasmasini","tag-asil","tag-hava","tag-ile","tag-imzaladi","tag-israil","tag-kalkani","tag-savunma","tag-yunanistan"],"_links":{"self":[{"href":"https:\/\/www.kibrishost.com\/tak\/wp-json\/wp\/v2\/posts\/150515"}],"collection":[{"href":"https:\/\/www.kibrishost.com\/tak\/wp-json\/wp\/v2\/posts"}],"about":[{"href":"https:\/\/www.kibrishost.com\/tak\/wp-json\/wp\/v2\/types\/post"}],"author":[{"embeddable":true,"href":"https:\/\/www.kibrishost.com\/tak\/wp-json\/wp\/v2\/users\/1"}],"replies":[{"embeddable":true,"href":"https:\/\/www.kibrishost.com\/tak\/wp-json\/wp\/v2\/comments?post=150515"}],"version-history":[{"count":0,"href":"https:\/\/www.kibrishost.com\/tak\/wp-json\/wp\/v2\/posts\/150515\/revisions"}],"wp:featuredmedia":[{"embeddable":true,"href":"https:\/\/www.kibrishost.com\/tak\/wp-json\/wp\/v2\/media\/150516"}],"wp:attachment":[{"href":"https:\/\/www.kibrishost.com\/tak\/wp-json\/wp\/v2\/media?parent=150515"}],"wp:term":[{"taxonomy":"category","embeddable":true,"href":"https:\/\/www.kibrishost.com\/tak\/wp-json\/wp\/v2\/categories?post=150515"},{"taxonomy":"post_tag","embeddable":true,"href":"https:\/\/www.kibrishost.com\/tak\/wp-json\/wp\/v2\/tags?post=150515"}],"curies":[{"name":"wp","href":"https:\/\/api.w.org\/{rel}","templated":true}]}}