{"id":150507,"date":"2026-08-31T12:40:19","date_gmt":"2026-08-31T09:40:19","guid":{"rendered":"https:\/\/www.kibrishost.com\/tak\/basarir-dr-burhan-nalbantoglu-devlet-hastanesini-ziyaret-etti\/"},"modified":"2026-08-31T12:40:19","modified_gmt":"2026-08-31T09:40:19","slug":"basarir-dr-burhan-nalbantoglu-devlet-hastanesini-ziyaret-etti","status":"publish","type":"post","link":"https:\/\/www.kibrishost.com\/tak\/basarir-dr-burhan-nalbantoglu-devlet-hastanesini-ziyaret-etti\/","title":{"rendered":"Ba\u015far\u0131r, Dr. Burhan Nalbanto\u011flu Devlet Hastanesi\u2019ni ziyaret etti"},"content":{"rendered":"<p>Girne a\u00e7\u0131klar\u0131nda ya\u015fanan deniz facias\u0131n\u0131n ard\u0131ndan KKTC\u2019ye gelen YEN\u0130 Parti Grup Ba\u015fkanvekili Ali Mahir Ba\u015far\u0131r&#8217;\u0131n koordinasyonundaki heyet, Dr. Burhan Nalbanto\u011flu Devlet Hastanesi\u2019ni ziyaret etti.<\/p>\n<p>Ba\u015far\u0131r ve beraberindeki heyet, hastalar\u0131 ziyaret ederek, bilgi ald\u0131. <\/p>\n<p>Hastaneden ayr\u0131ld\u0131\u011f\u0131 s\u0131rada bas\u0131na a\u00e7\u0131klamalarda bulunan Ba\u015far\u0131r, hastalar\u0131n durumunun iyi oldu\u011funu ve hayati tehlikeleri olmad\u0131\u011f\u0131n\u0131 belirterek, hala aranlar oldu\u011funu hat\u0131rlatt\u0131 ve durumun takip\u00e7isi olacaklar\u0131n\u0131 ifade etti.<\/p>\n<p>\u201cKarde\u015f \u00fclkeye, \u00fclkemize tekrar ge\u00e7mi\u015f olsun. Ba\u015fsa\u011fl\u0131\u011f\u0131 dileklerimi iletiyorum.\u201d diyen Ba\u015far\u0131r, temaslar\u0131n\u0131n ak\u015fam saatlerine kadar devam edece\u011fini de ekledi.<\/p>\n<p>Haber-Foto\u011fraf: Dervi\u015fe \u00c7obanc\u0131k<\/p><\/p>\n","protected":false},"excerpt":{"rendered":"<p>Girne a\u00e7\u0131klar\u0131nda ya\u015fanan deniz facias\u0131n\u0131n ard\u0131ndan KKTC\u2019ye gelen YEN\u0130 Parti Grup Ba\u015fkanvekili Ali Mahir Ba\u015far\u0131r&#8217;\u0131n koordinasyonundaki heyet, Dr. Burhan Nalbanto\u011flu Devlet Hastanesi\u2019ni ziyaret etti. Ba\u015far\u0131r ve beraberindeki heyet, hastalar\u0131 ziyaret ederek, bilgi ald\u0131. Hastaneden ayr\u0131ld\u0131\u011f\u0131 s\u0131rada bas\u0131na a\u00e7\u0131klamalarda bulunan Ba\u015far\u0131r, hastalar\u0131n durumunun iyi oldu\u011funu ve hayati tehlikeleri olmad\u0131\u011f\u0131n\u0131 belirterek, hala aranlar oldu\u011funu hat\u0131rlatt\u0131 ve durumun &hellip;<\/p>\n","protected":false},"author":1,"featured_media":150508,"comment_status":"open","ping_status":"open","sticky":false,"template":"","format":"standard","meta":{"footnotes":""},"categories":[2],"tags":[35706,4057,102,2055,290,4668,4058,971],"class_list":["post-150507","post","type-post","status-publish","format-standard","has-post-thumbnail","hentry","category-kibris","tag-basarir","tag-burhan","tag-devlet","tag-dr","tag-etti","tag-hastanesini","tag-nalbantoglu","tag-ziyaret"],"_links":{"self":[{"href":"https:\/\/www.kibrishost.com\/tak\/wp-json\/wp\/v2\/posts\/150507"}],"collection":[{"href":"https:\/\/www.kibrishost.com\/tak\/wp-json\/wp\/v2\/posts"}],"about":[{"href":"https:\/\/www.kibrishost.com\/tak\/wp-json\/wp\/v2\/types\/post"}],"author":[{"embeddable":true,"href":"https:\/\/www.kibrishost.com\/tak\/wp-json\/wp\/v2\/users\/1"}],"replies":[{"embeddable":true,"href":"https:\/\/www.kibrishost.com\/tak\/wp-json\/wp\/v2\/comments?post=150507"}],"version-history":[{"count":0,"href":"https:\/\/www.kibrishost.com\/tak\/wp-json\/wp\/v2\/posts\/150507\/revisions"}],"wp:featuredmedia":[{"embeddable":true,"href":"https:\/\/www.kibrishost.com\/tak\/wp-json\/wp\/v2\/media\/150508"}],"wp:attachment":[{"href":"https:\/\/www.kibrishost.com\/tak\/wp-json\/wp\/v2\/media?parent=150507"}],"wp:term":[{"taxonomy":"category","embeddable":true,"href":"https:\/\/www.kibrishost.com\/tak\/wp-json\/wp\/v2\/categories?post=150507"},{"taxonomy":"post_tag","embeddable":true,"href":"https:\/\/www.kibrishost.com\/tak\/wp-json\/wp\/v2\/tags?post=150507"}],"curies":[{"name":"wp","href":"https:\/\/api.w.org\/{rel}","templated":true}]}}