{"id":150502,"date":"2026-08-31T12:30:55","date_gmt":"2026-08-31T09:30:55","guid":{"rendered":"https:\/\/www.kibrishost.com\/tak\/gemi-kazasi-zanlilari-aleyhine-tedbirsizlik-ve-dikkatsizlik-sonucu-olume-sebebiyet-verme-suclamasi-getirildi\/"},"modified":"2026-08-31T12:31:00","modified_gmt":"2026-08-31T09:31:00","slug":"gemi-kazasi-zanlilari-aleyhine-tedbirsizlik-ve-dikkatsizlik-sonucu-olume-sebebiyet-verme-suclamasi-getirildi","status":"publish","type":"post","link":"https:\/\/www.kibrishost.com\/tak\/gemi-kazasi-zanlilari-aleyhine-tedbirsizlik-ve-dikkatsizlik-sonucu-olume-sebebiyet-verme-suclamasi-getirildi\/","title":{"rendered":"Gemi kazas\u0131 zanl\u0131lar\u0131 aleyhine \u201ctedbirsizlik ve dikkatsizlik sonucu \u00f6l\u00fcme sebebiyet verme\u201d su\u00e7lamas\u0131 getirildi"},"content":{"rendered":"<p>Girne a\u00e7\u0131klar\u0131nda d\u00fcn ya\u015fanan ve sekiz ki\u015finin hayat\u0131n\u0131 kaybetti\u011fi gemi kazas\u0131yla ilgili olarak bug\u00fcn A.\u00d6., M.\u00d6., M.S.,\u00a0 Z.\u00d6., M.G, S.E, K.K., V.H. ve R.\u0130. olmak \u00fczere dokuz zanl\u0131 Girne Kaza Mahkemesi\u2019ne \u00e7\u0131kar\u0131ld\u0131. Zanl\u0131lar aleyhine, \u201ctedbirsizlik ve dikkatsizlik sonucu \u00f6l\u00fcme sebebiyet verme\u201d su\u00e7lamas\u0131 getirildi. <\/p>\n<p>Yarg\u0131\u00e7 Hazal Hac\u0131mulla, d\u00fcn mahkemenin meseleyle ilgili 16 ki\u015fiye derdest verdi\u011fini, bug\u00fcn mahkeme huzurunda dokuz ki\u015fi bulundu\u011funun g\u00f6r\u00fcld\u00fc\u011f\u00fcn\u00fc belirterek, geriye kalan zanl\u0131lar\u0131n mahkeme huzuruna getirilmesini istedi.<\/p>\n<p>Polis taraf\u0131ndan su\u00e7a ba\u011flay\u0131c\u0131 herhangi bir unsur tespit edilmeyen ve aralar\u0131nda \u015firket hissedarlar\u0131 ve liman ba\u015fkanl\u0131\u011f\u0131ndan baz\u0131 g\u00f6revlilerin de bulundu\u011fu ifade edilen yedi ki\u015finin daha tutuklanarak mahkeme huzuruna \u00e7\u0131kar\u0131lmas\u0131 bekleniyor.<\/p>\n<p>Yarg\u0131\u00e7 Hac\u0131mulla, s\u00f6z konusu ki\u015filerin mahkeme huzuruna getirilmesini emrederek, mahkemeyi 11.30\u2019a erteledi. <\/p>\n<p>Polis m\u00fcfetti\u015f muavini Mehmet Manna\u015f, d\u00fcn Girne Liman\u0131ndan Girne-Ta\u015fucu seferi yapan Filo Denizcilike ait yolcu gemisinin limandan yakla\u015f\u0131k 4 mile a\u00e7\u0131kta ilerledikten sonra sol k\u0131zak u\u00e7 k\u0131sm\u0131n\u0131n k\u0131r\u0131ld\u0131\u011f\u0131n\u0131 ve geminin su alarak alabora oldu\u011funu aktard\u0131.\u00a0 <\/p>\n<p>Manna\u015f, yap\u0131lan arama kurtarma \u00e7al\u0131\u015fmalar\u0131nda gemide bulunan 259 yolcu ve sekiz m\u00fcrettebat olmak \u00fczere 267 kisiden 239 ki\u015finin canl\u0131 kurtar\u0131ld\u0131\u011f\u0131n\u0131, sekiz ki\u015finin ise hayat\u0131n\u0131 kaybetti\u011fini ve geriye kalan ki\u015filer i\u00e7in arama kurtarma \u00e7al\u0131\u015fmalar\u0131n\u0131n devam etti\u011fini belirtti. <\/p>\n<p>Manna\u015f, \u015firket direkt\u00f6r\u00fc A.\u00d6. gemi kaptan\u0131 M.\u00d6., ikinci kaptan M.S.,\u00a0 geminin ba\u015f makinisti Z.\u00d6. ve ikinci makinisti M.G., gemi m\u00fcrettebat\u0131 S.E., K.K., V.H. ve R.\u0130. olmak \u00fczere dokuz zanl\u0131ya \u201ctedbirsizlik ve dikkatsizlik sonucu \u00f6l\u00fcme sebebiyet verme\u201d su\u00e7lamas\u0131 getirildi\u011fini s\u00f6yledi.<\/p>\n<p>Yarg\u0131\u00e7 Hac\u0131mulla\u2019nin kazan\u0131n sebebine ili\u015fkin bir sorusu \u00fczerine Manna\u015f, soru\u015fturman\u0131n devam etti\u011fini ve T\u00fcrkiye\u2019den g\u00f6nderilecek uzman ki\u015filer taraf\u0131ndan kazan\u0131n sebebinin ara\u015ft\u0131r\u0131laca\u011f\u0131n\u0131 s\u00f6yledi. <\/p>\n<p>Yarg\u0131\u00e7 Hac\u0131mulla\u2019n\u0131n geminin sefer izinlerinin olup olmad\u0131\u011f\u0131na ili\u015fkin sorusu \u00fczerine Manna\u015f, geminin T\u00fcrk men\u015feli uluslararas\u0131 bir \u015firket olan T\u00fcrk Loydu taraf\u0131ndan onay\u0131 ve Liman Ba\u015fkanl\u0131\u011f\u0131 taraf\u0131ndan verilen izinlerinin bulundu\u011fu bilgisini payla\u015ft\u0131.\u00a0 <\/p>\n<p>Manna\u015f, ayr\u0131ca geminin sefere \u00e7\u0131kmadan \u00f6nce Meteoroloji\u2019den hava ko\u015fullar\u0131n\u0131n uygun oldu\u011funa dair al\u0131nan bilgiler oldu\u011funu ifade etti. <\/p>\n<p>Yarg\u0131c\u0131n geminin bak\u0131m ve onar\u0131m ge\u00e7mi\u015fine ili\u015fkin bir sorusuna yan\u0131t veren Manna\u015f, geminin Haziran 2026\u2019da T\u00fcrk Loydu taraf\u0131ndan onayland\u0131\u011f\u0131n\u0131 ve bu onayla buradaki seferlerini s\u00fcrd\u00fcrd\u00fc\u011f\u00fcn\u00fc belirtti. \u00a0<\/p>\n<p>Yarg\u0131\u00e7 Hac\u0131mulla, \u00fclkede medyana gelen ve insanlar\u0131n hayat\u0131n\u0131 kaybetti\u011fi deniz faciasi olay\u0131n\u0131n vahametini dikkate ald\u0131ktan sonra tahkikat\u0131n eksik b\u0131rak\u0131lmaks\u0131z\u0131n y\u00fcr\u00fct\u00fclmesi i\u00e7in ilgili ki\u015fi ve mercilerin mahkeme huzuruna \u00e7\u0131kar\u0131lmas\u0131 gerekti\u011fini belirtti. <\/p>\n<p>Hac\u0131mulla, mahkeme taraf\u0131ndan derdest emri verilen t\u00fcm zanl\u0131lar\u0131n mahkeme huzurunda bulunmas\u0131 gerekti\u011fini ve bu ki\u015filerin derhal mahkeme huzuruna getirilmesini emretti.<\/p>\n<p>Haber: An\u0131l I\u015f\u0131k\u00a0 \u00a0 Foto\u011fraf: S\u00fcleyman \u00d6nal<\/p>\n<\/p>\n<p><img decoding=\"async\" width=\"1024\" height=\"683\" src=\"https:\/\/www.kibrishost.com\/tak\/wp-content\/uploads\/2026\/08\/gemi-kazasi-zanlilari-aleyhine-tedbirsizlik-ve-dikkatsizlik-sonucu-olume-sebebiyet-verme-suclamasi-getirildi-1-1024x683.jpeg\" class=\"aligncenter wp-image-150504\" alt=\"Gemi kazas\u0131 zanl\u0131lar\u0131 aleyhine \u201ctedbirsizlik ve dikkatsizlik sonucu \u00f6l\u00fcme sebebiyet verme\u201d su\u00e7lamas\u0131 getirildi\" loading=\"lazy\" srcset=\"https:\/\/www.kibrishost.com\/tak\/wp-content\/uploads\/2026\/08\/gemi-kazasi-zanlilari-aleyhine-tedbirsizlik-ve-dikkatsizlik-sonucu-olume-sebebiyet-verme-suclamasi-getirildi-1-1024x683.jpeg 1024w, https:\/\/www.kibrishost.com\/tak\/wp-content\/uploads\/2026\/08\/gemi-kazasi-zanlilari-aleyhine-tedbirsizlik-ve-dikkatsizlik-sonucu-olume-sebebiyet-verme-suclamasi-getirildi-1-300x200.jpeg 300w, https:\/\/www.kibrishost.com\/tak\/wp-content\/uploads\/2026\/08\/gemi-kazasi-zanlilari-aleyhine-tedbirsizlik-ve-dikkatsizlik-sonucu-olume-sebebiyet-verme-suclamasi-getirildi-1-768x512.jpeg 768w, https:\/\/www.kibrishost.com\/tak\/wp-content\/uploads\/2026\/08\/gemi-kazasi-zanlilari-aleyhine-tedbirsizlik-ve-dikkatsizlik-sonucu-olume-sebebiyet-verme-suclamasi-getirildi-1-1536x1024.jpeg 1536w, https:\/\/www.kibrishost.com\/tak\/wp-content\/uploads\/2026\/08\/gemi-kazasi-zanlilari-aleyhine-tedbirsizlik-ve-dikkatsizlik-sonucu-olume-sebebiyet-verme-suclamasi-getirildi-1.jpeg 1620w\" sizes=\"(max-width: 1024px) 100vw, 1024px\" \/><\/p>\n<p><img decoding=\"async\" width=\"1024\" height=\"683\" src=\"https:\/\/www.kibrishost.com\/tak\/wp-content\/uploads\/2026\/08\/gemi-kazasi-zanlilari-aleyhine-tedbirsizlik-ve-dikkatsizlik-sonucu-olume-sebebiyet-verme-suclamasi-getirildi-2-1024x683.jpeg\" class=\"aligncenter wp-image-150505\" alt=\"Gemi kazas\u0131 zanl\u0131lar\u0131 aleyhine \u201ctedbirsizlik ve dikkatsizlik sonucu \u00f6l\u00fcme sebebiyet verme\u201d su\u00e7lamas\u0131 getirildi\" loading=\"lazy\" srcset=\"https:\/\/www.kibrishost.com\/tak\/wp-content\/uploads\/2026\/08\/gemi-kazasi-zanlilari-aleyhine-tedbirsizlik-ve-dikkatsizlik-sonucu-olume-sebebiyet-verme-suclamasi-getirildi-2-1024x683.jpeg 1024w, https:\/\/www.kibrishost.com\/tak\/wp-content\/uploads\/2026\/08\/gemi-kazasi-zanlilari-aleyhine-tedbirsizlik-ve-dikkatsizlik-sonucu-olume-sebebiyet-verme-suclamasi-getirildi-2-300x200.jpeg 300w, https:\/\/www.kibrishost.com\/tak\/wp-content\/uploads\/2026\/08\/gemi-kazasi-zanlilari-aleyhine-tedbirsizlik-ve-dikkatsizlik-sonucu-olume-sebebiyet-verme-suclamasi-getirildi-2-768x512.jpeg 768w, https:\/\/www.kibrishost.com\/tak\/wp-content\/uploads\/2026\/08\/gemi-kazasi-zanlilari-aleyhine-tedbirsizlik-ve-dikkatsizlik-sonucu-olume-sebebiyet-verme-suclamasi-getirildi-2-1536x1024.jpeg 1536w, https:\/\/www.kibrishost.com\/tak\/wp-content\/uploads\/2026\/08\/gemi-kazasi-zanlilari-aleyhine-tedbirsizlik-ve-dikkatsizlik-sonucu-olume-sebebiyet-verme-suclamasi-getirildi-2.jpeg 1620w\" sizes=\"(max-width: 1024px) 100vw, 1024px\" \/><\/p>\n","protected":false},"excerpt":{"rendered":"<p>Girne a\u00e7\u0131klar\u0131nda d\u00fcn ya\u015fanan ve sekiz ki\u015finin hayat\u0131n\u0131 kaybetti\u011fi gemi kazas\u0131yla ilgili olarak bug\u00fcn A.\u00d6., M.\u00d6., M.S.,\u00a0 Z.\u00d6., M.G, S.E, K.K., V.H. ve R.\u0130. olmak \u00fczere dokuz zanl\u0131 Girne Kaza Mahkemesi\u2019ne \u00e7\u0131kar\u0131ld\u0131. Zanl\u0131lar aleyhine, \u201ctedbirsizlik ve dikkatsizlik sonucu \u00f6l\u00fcme sebebiyet verme\u201d su\u00e7lamas\u0131 getirildi. Yarg\u0131\u00e7 Hazal Hac\u0131mulla, d\u00fcn mahkemenin meseleyle ilgili 16 ki\u015fiye derdest verdi\u011fini, bug\u00fcn &hellip;<\/p>\n","protected":false},"author":1,"featured_media":150503,"comment_status":"open","ping_status":"open","sticky":false,"template":"","format":"standard","meta":{"footnotes":""},"categories":[2],"tags":[12683,12863,19239,16445,387,2123,12685,12686,898,107,1165,12344],"class_list":["post-150502","post","type-post","status-publish","format-standard","has-post-thumbnail","hentry","category-kibris","tag-tedbirsizlik","tag-aleyhine","tag-dikkatsizlik","tag-gemi","tag-getirildi","tag-kazasi","tag-olume","tag-sebebiyet","tag-sonucu","tag-suclamasi","tag-verme","tag-zanlilari"],"_links":{"self":[{"href":"https:\/\/www.kibrishost.com\/tak\/wp-json\/wp\/v2\/posts\/150502"}],"collection":[{"href":"https:\/\/www.kibrishost.com\/tak\/wp-json\/wp\/v2\/posts"}],"about":[{"href":"https:\/\/www.kibrishost.com\/tak\/wp-json\/wp\/v2\/types\/post"}],"author":[{"embeddable":true,"href":"https:\/\/www.kibrishost.com\/tak\/wp-json\/wp\/v2\/users\/1"}],"replies":[{"embeddable":true,"href":"https:\/\/www.kibrishost.com\/tak\/wp-json\/wp\/v2\/comments?post=150502"}],"version-history":[{"count":1,"href":"https:\/\/www.kibrishost.com\/tak\/wp-json\/wp\/v2\/posts\/150502\/revisions"}],"predecessor-version":[{"id":150506,"href":"https:\/\/www.kibrishost.com\/tak\/wp-json\/wp\/v2\/posts\/150502\/revisions\/150506"}],"wp:featuredmedia":[{"embeddable":true,"href":"https:\/\/www.kibrishost.com\/tak\/wp-json\/wp\/v2\/media\/150503"}],"wp:attachment":[{"href":"https:\/\/www.kibrishost.com\/tak\/wp-json\/wp\/v2\/media?parent=150502"}],"wp:term":[{"taxonomy":"category","embeddable":true,"href":"https:\/\/www.kibrishost.com\/tak\/wp-json\/wp\/v2\/categories?post=150502"},{"taxonomy":"post_tag","embeddable":true,"href":"https:\/\/www.kibrishost.com\/tak\/wp-json\/wp\/v2\/tags?post=150502"}],"curies":[{"name":"wp","href":"https:\/\/api.w.org\/{rel}","templated":true}]}}