{"id":150485,"date":"2026-08-31T11:50:19","date_gmt":"2026-08-31T08:50:19","guid":{"rendered":"https:\/\/www.kibrishost.com\/tak\/ataoglu-gemi-faciasi-ardindan-hava-yolu-bilet-fiyatlarinda-yasanan-olaganustu-artis-kabul-edilemez\/"},"modified":"2026-08-31T11:50:19","modified_gmt":"2026-08-31T08:50:19","slug":"ataoglu-gemi-faciasi-ardindan-hava-yolu-bilet-fiyatlarinda-yasanan-olaganustu-artis-kabul-edilemez","status":"publish","type":"post","link":"https:\/\/www.kibrishost.com\/tak\/ataoglu-gemi-faciasi-ardindan-hava-yolu-bilet-fiyatlarinda-yasanan-olaganustu-artis-kabul-edilemez\/","title":{"rendered":"Atao\u011flu: \u201cGemi facias\u0131 ard\u0131ndan hava yolu bilet fiyatlar\u0131nda ya\u015fanan ola\u011fan\u00fcst\u00fc art\u0131\u015f kabul edilemez\u201d"},"content":{"rendered":"<p>Ba\u015fbakan Yard\u0131mc\u0131s\u0131 Turizm, K\u00fclt\u00fcr, Gen\u00e7lik ve \u00c7evre Bakan\u0131 Fikri Atao\u011flu, Girne a\u00e7\u0131klar\u0131nda ya\u015fanan gemi facias\u0131 ard\u0131ndan hava yolu bilet fiyatlar\u0131nda ya\u015fanan ola\u011fan\u00fcst\u00fc art\u0131\u015f\u0131n kabul edilemez oldu\u011funu vurgulad\u0131. <\/p>\n<p>Atao\u011flu yapt\u0131\u011f\u0131 yaz\u0131l\u0131 a\u00e7\u0131klamada, b\u00f6ylesi ac\u0131 bir olay\u0131n ard\u0131ndan ula\u015f\u0131m se\u00e7eneklerinin darald\u0131\u011f\u0131, vatanda\u015flar\u0131n hava yoluna y\u00f6nelmek zorunda kald\u0131\u011f\u0131 bir d\u00f6nemde bilet fiyatlar\u0131n\u0131n fahi\u015f seviyelere ula\u015fmas\u0131n\u0131n, toplum vicdan\u0131nda hakl\u0131 bir rahats\u0131zl\u0131k yaratt\u0131\u011f\u0131na dikkat \u00e7ekti. <\/p>\n<p>Bir facian\u0131n, hi\u00e7bir \u015fekilde ticari f\u0131rsata d\u00f6n\u00fc\u015ft\u00fcr\u00fclemeyece\u011fini vurgulayan Atao\u011flu, insanlar\u0131n \u00e7aresizli\u011fi, mecburiyeti ve ya\u015fad\u0131\u011f\u0131 endi\u015fe \u00fczerinden kazan\u00e7 hesab\u0131 yap\u0131lamayaca\u011f\u0131n\u0131 s\u00f6yledi. \u00a0<\/p>\n<p>-\u201cYap\u0131lmas\u0131 gereken; dayan\u0131\u015fmay\u0131 b\u00fcy\u00fctmek, vatanda\u015flar\u0131n ma\u011fduriyetini azaltmak ve ula\u015f\u0131m\u0131 daha eri\u015filebilir hale getirmek\u201d<\/p>\n<p>Atao\u011flu a\u00e7\u0131klamas\u0131nda \u015fu ifadelere yer verdi: <\/p>\n<p>\u201cTam tersine bug\u00fcn yap\u0131lmas\u0131 gereken; dayan\u0131\u015fmay\u0131 b\u00fcy\u00fctmek, vatanda\u015flar\u0131m\u0131z\u0131n ma\u011fduriyetini azaltmak ve ula\u015f\u0131m\u0131 daha eri\u015filebilir hale getirmektir. B\u00f6yle d\u00f6nemlerde hava yolu \u015firketlerinden beklenen, fiyatlar\u0131 y\u00fckseltmek de\u011fil; imkanlar\u0131 \u00f6l\u00e7\u00fcs\u00fcnde ek seferler planlamak ve bilet fiyatlar\u0131n\u0131 a\u015fa\u011f\u0131ya \u00e7ekerek toplumsal sorumluluk ortaya koymakt\u0131r.\u201d<\/p>\n<p>Bir ada \u00fclkesi olan Kuzey K\u0131br\u0131s T\u00fcrk Cumhuriyeti i\u00e7in hava ve deniz ula\u015f\u0131m\u0131n\u0131n halk i\u00e7in bir l\u00fcks de\u011fil, hayat\u0131n vazge\u00e7ilmez bir par\u00e7as\u0131 oldu\u011funa i\u015faret eden Bakan atao\u011flu, \u00f6zellikle deniz ula\u015f\u0131m\u0131nda ya\u015fanan b\u00f6ylesi ola\u011fan\u00fcst\u00fc bir geli\u015fmenin ard\u0131ndan hava ula\u015f\u0131m\u0131n\u0131n daha eri\u015filebilir hale getirilmesinin ise bir zorunluluk oldu\u011funu s\u00f6yledi. <\/p>\n<p>\u0130lgili t\u00fcm kurumlar\u0131 ve hava yolu \u015firketlerini sorumluluk almaya davet eden Bakan Atao\u011flu, gerekirse ek seferlerin devreye al\u0131nmas\u0131, kapasitenin art\u0131r\u0131lmas\u0131 ve bu ola\u011fan\u00fcst\u00fc d\u00f6neme \u00f6zel fiyat d\u00fczenlemelerinin hayata ge\u00e7irilmesi i\u00e7in gerekli ad\u0131mlar\u0131n gecikmeden at\u0131lmas\u0131 gerekti\u011fini kaydetti. <\/p>\n<p>-\u201cBug\u00fcn f\u0131rsat\u00e7\u0131l\u0131\u011f\u0131n de\u011fil, dayan\u0131\u015fman\u0131n zaman\u0131\u201d<\/p>\n<p>Atao\u011flu \u015f\u00f6yle devam etti: <\/p>\n<p>\u201cBug\u00fcn f\u0131rsat\u00e7\u0131l\u0131\u011f\u0131n de\u011fil, dayan\u0131\u015fman\u0131n zaman\u0131d\u0131r.\u00a0 Vatanda\u015f\u0131m\u0131z\u0131n mecburiyetini f\u0131rsata \u00e7evirmeye y\u00f6nelik hi\u00e7bir yakla\u015f\u0131m\u0131 do\u011fru bulmam\u0131z m\u00fcmk\u00fcn de\u011fildir. \u0130nsanlar\u0131m\u0131z\u0131n yan\u0131nda olmak yaln\u0131zca s\u00f6zle de\u011fil, b\u00f6ylesi zor zamanlarda at\u0131lacak somut ad\u0131mlarla g\u00f6sterilir.<\/p>\n<p>Hava yolu \u015firketlerine de a\u00e7\u0131k bir \u00e7a\u011fr\u0131da bulunuyorum; bu zor g\u00fcnlerde fiyatlar\u0131 art\u0131rmay\u0131n aksine d\u00fc\u015f\u00fcr\u00fcn. Ek seferler koyun, vatanda\u015f\u0131m\u0131z\u0131n y\u00fck\u00fcn\u00fc hafifletin. G\u00fcn, daha fazla kazanman\u0131n de\u011fil; toplumla dayan\u0131\u015fman\u0131n g\u00fcn\u00fcd\u00fcr.<\/p>\n<p>Ya\u015fad\u0131\u011f\u0131m\u0131z ac\u0131n\u0131n \u00fczerine bir de ula\u015f\u0131m ma\u011fduriyetinin eklenmesine izin verilmemelidir.\u201d<\/p><\/p>\n","protected":false},"excerpt":{"rendered":"<p>Ba\u015fbakan Yard\u0131mc\u0131s\u0131 Turizm, K\u00fclt\u00fcr, Gen\u00e7lik ve \u00c7evre Bakan\u0131 Fikri Atao\u011flu, Girne a\u00e7\u0131klar\u0131nda ya\u015fanan gemi facias\u0131 ard\u0131ndan hava yolu bilet fiyatlar\u0131nda ya\u015fanan ola\u011fan\u00fcst\u00fc art\u0131\u015f\u0131n kabul edilemez oldu\u011funu vurgulad\u0131. Atao\u011flu yapt\u0131\u011f\u0131 yaz\u0131l\u0131 a\u00e7\u0131klamada, b\u00f6ylesi ac\u0131 bir olay\u0131n ard\u0131ndan ula\u015f\u0131m se\u00e7eneklerinin darald\u0131\u011f\u0131, vatanda\u015flar\u0131n hava yoluna y\u00f6nelmek zorunda kald\u0131\u011f\u0131 bir d\u00f6nemde bilet fiyatlar\u0131n\u0131n fahi\u015f seviyelere ula\u015fmas\u0131n\u0131n, toplum vicdan\u0131nda hakl\u0131 &hellip;<\/p>\n","protected":false},"author":1,"featured_media":150486,"comment_status":"open","ping_status":"open","sticky":false,"template":"","format":"standard","meta":{"footnotes":""},"categories":[2],"tags":[1411,1964,161,18920,1995,34151,2238,16445,699,322,2319,249,1744],"class_list":["post-150485","post","type-post","status-publish","format-standard","has-post-thumbnail","hentry","category-kibris","tag-ardindan","tag-artis","tag-ataoglu","tag-bilet","tag-edilemez","tag-faciasi","tag-fiyatlarinda","tag-gemi","tag-hava","tag-kabul","tag-olaganustu","tag-yasanan","tag-yolu"],"_links":{"self":[{"href":"https:\/\/www.kibrishost.com\/tak\/wp-json\/wp\/v2\/posts\/150485"}],"collection":[{"href":"https:\/\/www.kibrishost.com\/tak\/wp-json\/wp\/v2\/posts"}],"about":[{"href":"https:\/\/www.kibrishost.com\/tak\/wp-json\/wp\/v2\/types\/post"}],"author":[{"embeddable":true,"href":"https:\/\/www.kibrishost.com\/tak\/wp-json\/wp\/v2\/users\/1"}],"replies":[{"embeddable":true,"href":"https:\/\/www.kibrishost.com\/tak\/wp-json\/wp\/v2\/comments?post=150485"}],"version-history":[{"count":0,"href":"https:\/\/www.kibrishost.com\/tak\/wp-json\/wp\/v2\/posts\/150485\/revisions"}],"wp:featuredmedia":[{"embeddable":true,"href":"https:\/\/www.kibrishost.com\/tak\/wp-json\/wp\/v2\/media\/150486"}],"wp:attachment":[{"href":"https:\/\/www.kibrishost.com\/tak\/wp-json\/wp\/v2\/media?parent=150485"}],"wp:term":[{"taxonomy":"category","embeddable":true,"href":"https:\/\/www.kibrishost.com\/tak\/wp-json\/wp\/v2\/categories?post=150485"},{"taxonomy":"post_tag","embeddable":true,"href":"https:\/\/www.kibrishost.com\/tak\/wp-json\/wp\/v2\/tags?post=150485"}],"curies":[{"name":"wp","href":"https:\/\/api.w.org\/{rel}","templated":true}]}}