{"id":150483,"date":"2026-08-31T11:40:19","date_gmt":"2026-08-31T08:40:19","guid":{"rendered":"https:\/\/www.kibrishost.com\/tak\/maliye-sen-sorumluluklar-ve-ihmaller-hukuk-cercevesinde-belirlenerek-kamuoyuyla-paylasilmali\/"},"modified":"2026-08-31T11:40:19","modified_gmt":"2026-08-31T08:40:19","slug":"maliye-sen-sorumluluklar-ve-ihmaller-hukuk-cercevesinde-belirlenerek-kamuoyuyla-paylasilmali","status":"publish","type":"post","link":"https:\/\/www.kibrishost.com\/tak\/maliye-sen-sorumluluklar-ve-ihmaller-hukuk-cercevesinde-belirlenerek-kamuoyuyla-paylasilmali\/","title":{"rendered":"Maliye-Sen: \u201cSorumluluklar ve ihmaller hukuk \u00e7er\u00e7evesinde belirlenerek kamuoyuyla payla\u015f\u0131lmal\u0131\u201d"},"content":{"rendered":"<p>Hazine ve Maliye \u00c7al\u0131\u015fanlar\u0131 Sendikas\u0131 (Maliye-Sen), gemi facias\u0131n\u0131n b\u00fct\u00fcn y\u00f6nleriyle, hi\u00e7bir ku\u015fkuya yer b\u0131rakmayacak bi\u00e7imde titizlikle ve \u015feffafl\u0131kla ara\u015ft\u0131r\u0131lmas\u0131; varsa sorumluluklar\u0131n ve ihmallerin hukuk \u00e7er\u00e7evesinde belirlenerek kamuoyuyla payla\u015f\u0131lmas\u0131 gerekti\u011fini belirtti.<\/p>\n<p>Maliye-Sen yapt\u0131\u011f\u0131 yaz\u0131l\u0131 a\u00e7\u0131klamada, gemi facias\u0131nda ya\u015fam\u0131n\u0131 yitirenlere Allah\u2019tan rahmet; ac\u0131l\u0131 ailelerine, yak\u0131nlar\u0131na ve halka sab\u0131r ve ba\u015fsa\u011fl\u0131\u011f\u0131, yaral\u0131lara acil \u015fifalar diledi.<\/p>\n<p>Hen\u00fcz kendilerine ula\u015f\u0131lamayan ki\u015filerin en k\u0131sa zamanda sa\u011f salim bulunmas\u0131n\u0131 temenni eden Maliye-Sen, arama-kurtarma \u00e7al\u0131\u015fmalar\u0131n\u0131 \u00f6zveriyle s\u00fcrd\u00fcren t\u00fcm ekiplere te\u015fekk\u00fcr etti.<\/p>\n<p>Ulusal yasa i\u015ftirak ederek toplumun ortak ac\u0131s\u0131n\u0131 payla\u015ft\u0131klar\u0131n\u0131 s\u00f6yleyen Maliye-Sen,\u201dBu b\u00fcy\u00fck ac\u0131n\u0131n b\u00fct\u00fcn y\u00f6nleriyle, hi\u00e7bir ku\u015fkuya yer b\u0131rakmayacak bi\u00e7imde titizlikle ve \u015feffafl\u0131kla ara\u015ft\u0131r\u0131lmas\u0131; varsa sorumluluklar\u0131n ve ihmallerin hukuk \u00e7er\u00e7evesinde belirlenerek sonu\u00e7lar\u0131n kamuoyuyla payla\u015f\u0131lmas\u0131 gerekti\u011fine inan\u0131yoruz\u201d dedi.<\/p><\/p>\n","protected":false},"excerpt":{"rendered":"<p>Hazine ve Maliye \u00c7al\u0131\u015fanlar\u0131 Sendikas\u0131 (Maliye-Sen), gemi facias\u0131n\u0131n b\u00fct\u00fcn y\u00f6nleriyle, hi\u00e7bir ku\u015fkuya yer b\u0131rakmayacak bi\u00e7imde titizlikle ve \u015feffafl\u0131kla ara\u015ft\u0131r\u0131lmas\u0131; varsa sorumluluklar\u0131n ve ihmallerin hukuk \u00e7er\u00e7evesinde belirlenerek kamuoyuyla payla\u015f\u0131lmas\u0131 gerekti\u011fini belirtti. Maliye-Sen yapt\u0131\u011f\u0131 yaz\u0131l\u0131 a\u00e7\u0131klamada, gemi facias\u0131nda ya\u015fam\u0131n\u0131 yitirenlere Allah\u2019tan rahmet; ac\u0131l\u0131 ailelerine, yak\u0131nlar\u0131na ve halka sab\u0131r ve ba\u015fsa\u011fl\u0131\u011f\u0131, yaral\u0131lara acil \u015fifalar diledi. Hen\u00fcz kendilerine ula\u015f\u0131lamayan &hellip;<\/p>\n","protected":false},"author":1,"featured_media":150484,"comment_status":"open","ping_status":"open","sticky":false,"template":"","format":"standard","meta":{"footnotes":""},"categories":[2],"tags":[48641,8268,1099,12927,10601,11006,15406,23323],"class_list":["post-150483","post","type-post","status-publish","format-standard","has-post-thumbnail","hentry","category-kibris","tag-belirlenerek","tag-cercevesinde","tag-hukuk","tag-ihmaller","tag-kamuoyuyla","tag-maliye-sen","tag-paylasilmali","tag-sorumluluklar"],"_links":{"self":[{"href":"https:\/\/www.kibrishost.com\/tak\/wp-json\/wp\/v2\/posts\/150483"}],"collection":[{"href":"https:\/\/www.kibrishost.com\/tak\/wp-json\/wp\/v2\/posts"}],"about":[{"href":"https:\/\/www.kibrishost.com\/tak\/wp-json\/wp\/v2\/types\/post"}],"author":[{"embeddable":true,"href":"https:\/\/www.kibrishost.com\/tak\/wp-json\/wp\/v2\/users\/1"}],"replies":[{"embeddable":true,"href":"https:\/\/www.kibrishost.com\/tak\/wp-json\/wp\/v2\/comments?post=150483"}],"version-history":[{"count":0,"href":"https:\/\/www.kibrishost.com\/tak\/wp-json\/wp\/v2\/posts\/150483\/revisions"}],"wp:featuredmedia":[{"embeddable":true,"href":"https:\/\/www.kibrishost.com\/tak\/wp-json\/wp\/v2\/media\/150484"}],"wp:attachment":[{"href":"https:\/\/www.kibrishost.com\/tak\/wp-json\/wp\/v2\/media?parent=150483"}],"wp:term":[{"taxonomy":"category","embeddable":true,"href":"https:\/\/www.kibrishost.com\/tak\/wp-json\/wp\/v2\/categories?post=150483"},{"taxonomy":"post_tag","embeddable":true,"href":"https:\/\/www.kibrishost.com\/tak\/wp-json\/wp\/v2\/tags?post=150483"}],"curies":[{"name":"wp","href":"https:\/\/api.w.org\/{rel}","templated":true}]}}