{"id":150481,"date":"2026-08-31T11:20:20","date_gmt":"2026-08-31T08:20:20","guid":{"rendered":"https:\/\/www.kibrishost.com\/tak\/ozturkler-konu-her-yonuyle-irdelenecek\/"},"modified":"2026-08-31T11:20:20","modified_gmt":"2026-08-31T08:20:20","slug":"ozturkler-konu-her-yonuyle-irdelenecek","status":"publish","type":"post","link":"https:\/\/www.kibrishost.com\/tak\/ozturkler-konu-her-yonuyle-irdelenecek\/","title":{"rendered":"\u00d6zt\u00fcrkler: \u201cKonu her y\u00f6n\u00fcyle irdelenecek&#8221;"},"content":{"rendered":"<p>Cumhuriyet Meclisi Ba\u015fkan\u0131 Ziya \u00d6zt\u00fcrkler, gemi kazas\u0131yla ilgili s\u00fcre\u00e7 konusundaki t\u00fcm iddialar\u0131n ara\u015ft\u0131r\u0131laca\u011f\u0131n\u0131, sorumsuzluk varsa gere\u011finin yap\u0131laca\u011f\u0131n\u0131, bunun takip\u00e7isi olacaklar\u0131n\u0131 belirtti.<\/p>\n<p>BRTK\u2019da canl\u0131 yay\u0131na kat\u0131lan \u00d6zt\u00fcrkler, konunun Meclis\u2019te de konu\u015fulaca\u011f\u0131n\u0131 dile getirerek, s\u00fcrecin do\u011fru \u015fekilde ilerletilmesinin \u00f6nemine vurgu yapt\u0131. <\/p>\n<p>\u00d6zt\u00fcrkler, krizin do\u011fru y\u00f6netilmesi ve sonu\u00e7land\u0131r\u0131lmas\u0131 gerekti\u011fini, konunun her y\u00f6n\u00fcyle irdelece\u011fini, Meclis\u2019te de konun g\u00f6r\u00fc\u015f\u00fclece\u011fini belirtti. <\/p>\n<p>\u00d6zt\u00fcrkler, ba\u015fsa\u011fl\u0131\u011f\u0131 ve ge\u00e7mi\u015f olsun dileklerinde bulundu. <\/p><\/p>\n","protected":false},"excerpt":{"rendered":"<p>Cumhuriyet Meclisi Ba\u015fkan\u0131 Ziya \u00d6zt\u00fcrkler, gemi kazas\u0131yla ilgili s\u00fcre\u00e7 konusundaki t\u00fcm iddialar\u0131n ara\u015ft\u0131r\u0131laca\u011f\u0131n\u0131, sorumsuzluk varsa gere\u011finin yap\u0131laca\u011f\u0131n\u0131, bunun takip\u00e7isi olacaklar\u0131n\u0131 belirtti. BRTK\u2019da canl\u0131 yay\u0131na kat\u0131lan \u00d6zt\u00fcrkler, konunun Meclis\u2019te de konu\u015fulaca\u011f\u0131n\u0131 dile getirerek, s\u00fcrecin do\u011fru \u015fekilde ilerletilmesinin \u00f6nemine vurgu yapt\u0131. \u00d6zt\u00fcrkler, krizin do\u011fru y\u00f6netilmesi ve sonu\u00e7land\u0131r\u0131lmas\u0131 gerekti\u011fini, konunun her y\u00f6n\u00fcyle irdelece\u011fini, Meclis\u2019te de konun g\u00f6r\u00fc\u015f\u00fclece\u011fini belirtti. &hellip;<\/p>\n","protected":false},"author":1,"featured_media":150482,"comment_status":"open","ping_status":"open","sticky":false,"template":"","format":"standard","meta":{"footnotes":""},"categories":[2],"tags":[82,48640,4148,11645,47361],"class_list":["post-150481","post","type-post","status-publish","format-standard","has-post-thumbnail","hentry","category-kibris","tag-her","tag-irdelenecek","tag-konu","tag-ozturkler","tag-yonuyle"],"_links":{"self":[{"href":"https:\/\/www.kibrishost.com\/tak\/wp-json\/wp\/v2\/posts\/150481"}],"collection":[{"href":"https:\/\/www.kibrishost.com\/tak\/wp-json\/wp\/v2\/posts"}],"about":[{"href":"https:\/\/www.kibrishost.com\/tak\/wp-json\/wp\/v2\/types\/post"}],"author":[{"embeddable":true,"href":"https:\/\/www.kibrishost.com\/tak\/wp-json\/wp\/v2\/users\/1"}],"replies":[{"embeddable":true,"href":"https:\/\/www.kibrishost.com\/tak\/wp-json\/wp\/v2\/comments?post=150481"}],"version-history":[{"count":0,"href":"https:\/\/www.kibrishost.com\/tak\/wp-json\/wp\/v2\/posts\/150481\/revisions"}],"wp:featuredmedia":[{"embeddable":true,"href":"https:\/\/www.kibrishost.com\/tak\/wp-json\/wp\/v2\/media\/150482"}],"wp:attachment":[{"href":"https:\/\/www.kibrishost.com\/tak\/wp-json\/wp\/v2\/media?parent=150481"}],"wp:term":[{"taxonomy":"category","embeddable":true,"href":"https:\/\/www.kibrishost.com\/tak\/wp-json\/wp\/v2\/categories?post=150481"},{"taxonomy":"post_tag","embeddable":true,"href":"https:\/\/www.kibrishost.com\/tak\/wp-json\/wp\/v2\/tags?post=150481"}],"curies":[{"name":"wp","href":"https:\/\/api.w.org\/{rel}","templated":true}]}}