{"id":150479,"date":"2026-08-31T11:10:19","date_gmt":"2026-08-31T08:10:19","guid":{"rendered":"https:\/\/www.kibrishost.com\/tak\/ozel-basceri-ve-dincyurek-nalbantoglu-hastanesini-ziyaret-etti\/"},"modified":"2026-08-31T11:10:19","modified_gmt":"2026-08-31T08:10:19","slug":"ozel-basceri-ve-dincyurek-nalbantoglu-hastanesini-ziyaret-etti","status":"publish","type":"post","link":"https:\/\/www.kibrishost.com\/tak\/ozel-basceri-ve-dincyurek-nalbantoglu-hastanesini-ziyaret-etti\/","title":{"rendered":"\u00d6zel, Ba\u015f\u00e7eri ve Din\u00e7y\u00fcrek Nalbanto\u011flu Hastanesi&#8217;ni ziyaret etti"},"content":{"rendered":"<p>Sa\u011fl\u0131k Bakan\u0131 Hakan Din\u00e7y\u00fcrek, T\u00fcrkiye Cumhuriyeti D\u0131\u015fi\u015fleri Bakan Yard\u0131mc\u0131s\u0131 Hac\u0131 Ali \u00d6zel ve TC Lefko\u015fa B\u00fcy\u00fckel\u00e7isi Ali Murat Ba\u015f\u00e7eri Dr. Burhan Nalbanto\u011flu Devlet Hastanesi\u2019ni ziyaret etti.<\/p>\n<p>D\u00fcn meydana gelen feribot kazas\u0131n\u0131n ard\u0131ndan hastaneye kald\u0131r\u0131lan yaral\u0131lara yap\u0131lan ziyaretin ard\u0131ndan \u00d6zel ve Ba\u015f\u00e7eri hastaneden ayr\u0131ld\u0131.<\/p><\/p>\n","protected":false},"excerpt":{"rendered":"<p>Sa\u011fl\u0131k Bakan\u0131 Hakan Din\u00e7y\u00fcrek, T\u00fcrkiye Cumhuriyeti D\u0131\u015fi\u015fleri Bakan Yard\u0131mc\u0131s\u0131 Hac\u0131 Ali \u00d6zel ve TC Lefko\u015fa B\u00fcy\u00fckel\u00e7isi Ali Murat Ba\u015f\u00e7eri Dr. Burhan Nalbanto\u011flu Devlet Hastanesi\u2019ni ziyaret etti. D\u00fcn meydana gelen feribot kazas\u0131n\u0131n ard\u0131ndan hastaneye kald\u0131r\u0131lan yaral\u0131lara yap\u0131lan ziyaretin ard\u0131ndan \u00d6zel ve Ba\u015f\u00e7eri hastaneden ayr\u0131ld\u0131.<\/p>\n","protected":false},"author":1,"featured_media":150480,"comment_status":"open","ping_status":"open","sticky":false,"template":"","format":"standard","meta":{"footnotes":""},"categories":[2],"tags":[22476,138,290,4668,4058,3575,971],"class_list":["post-150479","post","type-post","status-publish","format-standard","has-post-thumbnail","hentry","category-kibris","tag-basceri","tag-dincyurek","tag-etti","tag-hastanesini","tag-nalbantoglu","tag-ozel","tag-ziyaret"],"_links":{"self":[{"href":"https:\/\/www.kibrishost.com\/tak\/wp-json\/wp\/v2\/posts\/150479"}],"collection":[{"href":"https:\/\/www.kibrishost.com\/tak\/wp-json\/wp\/v2\/posts"}],"about":[{"href":"https:\/\/www.kibrishost.com\/tak\/wp-json\/wp\/v2\/types\/post"}],"author":[{"embeddable":true,"href":"https:\/\/www.kibrishost.com\/tak\/wp-json\/wp\/v2\/users\/1"}],"replies":[{"embeddable":true,"href":"https:\/\/www.kibrishost.com\/tak\/wp-json\/wp\/v2\/comments?post=150479"}],"version-history":[{"count":0,"href":"https:\/\/www.kibrishost.com\/tak\/wp-json\/wp\/v2\/posts\/150479\/revisions"}],"wp:featuredmedia":[{"embeddable":true,"href":"https:\/\/www.kibrishost.com\/tak\/wp-json\/wp\/v2\/media\/150480"}],"wp:attachment":[{"href":"https:\/\/www.kibrishost.com\/tak\/wp-json\/wp\/v2\/media?parent=150479"}],"wp:term":[{"taxonomy":"category","embeddable":true,"href":"https:\/\/www.kibrishost.com\/tak\/wp-json\/wp\/v2\/categories?post=150479"},{"taxonomy":"post_tag","embeddable":true,"href":"https:\/\/www.kibrishost.com\/tak\/wp-json\/wp\/v2\/tags?post=150479"}],"curies":[{"name":"wp","href":"https:\/\/api.w.org\/{rel}","templated":true}]}}