{"id":150471,"date":"2026-08-31T10:30:32","date_gmt":"2026-08-31T07:30:32","guid":{"rendered":"https:\/\/www.kibrishost.com\/tak\/ykp-gemi-kazasiyla-ilgili-iddialara-yanit-verilmeli\/"},"modified":"2026-08-31T10:30:32","modified_gmt":"2026-08-31T07:30:32","slug":"ykp-gemi-kazasiyla-ilgili-iddialara-yanit-verilmeli","status":"publish","type":"post","link":"https:\/\/www.kibrishost.com\/tak\/ykp-gemi-kazasiyla-ilgili-iddialara-yanit-verilmeli\/","title":{"rendered":"YKP: Gemi kazas\u0131yla ilgili iddialara yan\u0131t verilmeli"},"content":{"rendered":"<p>Yeni K\u0131br\u0131s Partisi, bir yolcu gemisinin bir yaz g\u00fcn\u00fcnde limandan \u00e7\u0131k\u0131\u015f\u0131n\u0131n hemen ard\u0131ndan su al\u0131p yan yatmas\u0131n\u0131n kader olamayaca\u011f\u0131n\u0131 ve iddialara yan\u0131t verilmesi gerekti\u011fini \u00a0kaydetti.<\/p>\n<p>Yap\u0131lan yaz\u0131l\u0131 a\u00e7\u0131klamada \u201cHayat\u0131n\u0131 kaybedenlerin ailelerine, yak\u0131nlar\u0131na, halen kay\u0131p olan ve endi\u015feli bekleyi\u015f i\u00e7indeki yak\u0131nlara ve kurtulan t\u00fcm yolcu ve m\u00fcrettebata ac\u0131lar\u0131n\u0131 ve zor saatlerini y\u00fcrekten payla\u015ft\u0131\u011f\u0131m\u0131z\u0131 ifade ederiz. \u00a0Ancak ac\u0131m\u0131z\u0131 taziye mesajlar\u0131na hapsetmeyece\u011fiz\u201d denildi.\u00a0<\/p>\n<p>Yap\u0131lan yaz\u0131l\u0131 a\u00e7\u0131klamada \u201cT\u00fcrkiye bas\u0131n\u0131nda ortaya at\u0131lan ve K\u0131br\u0131s bas\u0131n\u0131na da yans\u0131yan bir dizi ciddi iddia (geminin daha \u00f6nce ba\u015fka kazalara kar\u0131\u015ft\u0131\u011f\u0131, at\u0131l durumda kald\u0131ktan sonra onar\u0131mlardan ge\u00e7irildi\u011fi, hasar g\u00f6rm\u00fc\u015f ve onar\u0131m yap\u0131lm\u0131\u015f b\u00f6lgelerinden su alm\u0131\u015f olabilece\u011fi, m\u00fcrettebat listelerindeki tutars\u0131zl\u0131klar dahil) bu felaketin bir \u201cdeniz i\u015fi\u201d ya da \u201ckader\u201d olmad\u0131\u011f\u0131n\u0131, \u00f6nceden bilinip \u00f6nlenebilecek yap\u0131sal soru i\u015faretleri bar\u0131nd\u0131rd\u0131\u011f\u0131n\u0131 g\u00f6stermektedir. Bu iddialar\u0131n do\u011frulu\u011funu tartmak YKP\u2019nin de\u011fil, yetkili makamlar\u0131n i\u015fidir\u201d denildi.\u00a0<\/p>\n<p>YKP a\u00e7\u0131klamas\u0131 \u015f\u00f6yle devam etti: <\/p>\n<p>\u201cYKP olarak Bay\u0131nd\u0131rl\u0131k ve Ula\u015ft\u0131rma Bakan\u0131 Erhan Ar\u0131kl\u0131\u2019dan somut bi\u00e7imde talep etti\u011fimiz \u015fudur: gemiye verilen sefer izinlerinin dayand\u0131\u011f\u0131 denetim raporlar\u0131, bak\u0131m kay\u0131tlar\u0131, ruhsat s\u00fcre\u00e7leri ve m\u00fcrettebat evraklar\u0131 belgeleriyle ve gecikmeksizin kamuoyuyla payla\u015f\u0131lmal\u0131; bas\u0131nda yer alan iddialar tek tek yan\u0131tlanmal\u0131; ba\u015flat\u0131lan soru\u015fturman\u0131n hangi kurum taraf\u0131ndan, hangi ba\u011f\u0131ms\u0131z teknik heyetle y\u00fcr\u00fct\u00fcld\u00fc\u011f\u00fc \u015feffaf bi\u00e7imde ilan edilmelidir.\u201d<\/p><\/p>\n","protected":false},"excerpt":{"rendered":"<p>Yeni K\u0131br\u0131s Partisi, bir yolcu gemisinin bir yaz g\u00fcn\u00fcnde limandan \u00e7\u0131k\u0131\u015f\u0131n\u0131n hemen ard\u0131ndan su al\u0131p yan yatmas\u0131n\u0131n kader olamayaca\u011f\u0131n\u0131 ve iddialara yan\u0131t verilmesi gerekti\u011fini \u00a0kaydetti. Yap\u0131lan yaz\u0131l\u0131 a\u00e7\u0131klamada \u201cHayat\u0131n\u0131 kaybedenlerin ailelerine, yak\u0131nlar\u0131na, halen kay\u0131p olan ve endi\u015feli bekleyi\u015f i\u00e7indeki yak\u0131nlara ve kurtulan t\u00fcm yolcu ve m\u00fcrettebata ac\u0131lar\u0131n\u0131 ve zor saatlerini y\u00fcrekten payla\u015ft\u0131\u011f\u0131m\u0131z\u0131 ifade ederiz. \u00a0Ancak &hellip;<\/p>\n","protected":false},"author":1,"featured_media":150472,"comment_status":"open","ping_status":"open","sticky":false,"template":"","format":"standard","meta":{"footnotes":""},"categories":[2],"tags":[16445,14867,2322,6720,4598,4604,5263],"class_list":["post-150471","post","type-post","status-publish","format-standard","has-post-thumbnail","hentry","category-kibris","tag-gemi","tag-iddialara","tag-ilgili","tag-kazasiyla","tag-verilmeli","tag-yanit","tag-ykp"],"_links":{"self":[{"href":"https:\/\/www.kibrishost.com\/tak\/wp-json\/wp\/v2\/posts\/150471"}],"collection":[{"href":"https:\/\/www.kibrishost.com\/tak\/wp-json\/wp\/v2\/posts"}],"about":[{"href":"https:\/\/www.kibrishost.com\/tak\/wp-json\/wp\/v2\/types\/post"}],"author":[{"embeddable":true,"href":"https:\/\/www.kibrishost.com\/tak\/wp-json\/wp\/v2\/users\/1"}],"replies":[{"embeddable":true,"href":"https:\/\/www.kibrishost.com\/tak\/wp-json\/wp\/v2\/comments?post=150471"}],"version-history":[{"count":0,"href":"https:\/\/www.kibrishost.com\/tak\/wp-json\/wp\/v2\/posts\/150471\/revisions"}],"wp:featuredmedia":[{"embeddable":true,"href":"https:\/\/www.kibrishost.com\/tak\/wp-json\/wp\/v2\/media\/150472"}],"wp:attachment":[{"href":"https:\/\/www.kibrishost.com\/tak\/wp-json\/wp\/v2\/media?parent=150471"}],"wp:term":[{"taxonomy":"category","embeddable":true,"href":"https:\/\/www.kibrishost.com\/tak\/wp-json\/wp\/v2\/categories?post=150471"},{"taxonomy":"post_tag","embeddable":true,"href":"https:\/\/www.kibrishost.com\/tak\/wp-json\/wp\/v2\/tags?post=150471"}],"curies":[{"name":"wp","href":"https:\/\/api.w.org\/{rel}","templated":true}]}}