{"id":150467,"date":"2026-08-31T10:10:19","date_gmt":"2026-08-31T07:10:19","guid":{"rendered":"https:\/\/www.kibrishost.com\/tak\/mdp-genel-sekreteri-sencer-yasanan-facia-tum-yonleriyle-aydinlatilmalidir\/"},"modified":"2026-08-31T10:10:19","modified_gmt":"2026-08-31T07:10:19","slug":"mdp-genel-sekreteri-sencer-yasanan-facia-tum-yonleriyle-aydinlatilmalidir","status":"publish","type":"post","link":"https:\/\/www.kibrishost.com\/tak\/mdp-genel-sekreteri-sencer-yasanan-facia-tum-yonleriyle-aydinlatilmalidir\/","title":{"rendered":"MDP Genel Sekreteri Sencer: Ya\u015fanan facia t\u00fcm y\u00f6nleriyle ayd\u0131nlat\u0131lmal\u0131d\u0131r"},"content":{"rendered":"<p>Milliyet\u00e7i Demokrasi Partisi (MDP) Genel Sekreteri Sunalp Dervi\u015f Sencer, \u201cYa\u015fanan facian\u0131n t\u00fcm y\u00f6nleriyle ayd\u0131nlat\u0131lmas\u0131, varsa sorumlular\u0131n tespit edilerek kamuoyu ile payla\u015f\u0131lmas\u0131 b\u00fcy\u00fck \u00f6nem ta\u015f\u0131maktad\u0131r.\u201d a\u00e7\u0131klamas\u0131nda bulundu.<\/p>\n<p>Yap\u0131lan yaz\u0131l\u0131 a\u00e7\u0131klamada \u201cBu elim olay, hepimizi derin bir \u00fcz\u00fcnt\u00fcye sevk etmi\u015ftir. Hayat\u0131n\u0131 kaybeden vatanda\u015flar\u0131m\u0131za Allah\u2019tan rahmet, ailelerine ve yak\u0131nlar\u0131na ba\u015fsa\u011fl\u0131\u011f\u0131 diliyor; kay\u0131p oldu\u011fu bildirilen vatanda\u015flar\u0131m\u0131zdan gelecek iyi haberleri umutla bekliyoruz.\u201d denildi.<\/p>\n<p>A\u00e7\u0131klama \u015f\u00f6yle devam etti: <\/p>\n<p>\u201cDeniz ve hava \u015fartlar\u0131n\u0131n tek ba\u015f\u0131na do\u011fal bir afet olarak de\u011ferlendirilmesinin m\u00fcmk\u00fcn olmad\u0131\u011f\u0131, olayda ihmal ve kusur iddialar\u0131n\u0131n ciddi \u015fekilde ara\u015ft\u0131r\u0131lmas\u0131 gerekti\u011fi a\u00e7\u0131kt\u0131r. Ya\u015fanan facian\u0131n t\u00fcm y\u00f6nleriyle ayd\u0131nlat\u0131lmas\u0131, varsa sorumlular\u0131n tespit edilerek kamuoyu ile payla\u015f\u0131lmas\u0131 b\u00fcy\u00fck \u00f6nem ta\u015f\u0131maktad\u0131r. Ba\u015fta Ula\u015ft\u0131rma Bakanl\u0131\u011f\u0131 olmak \u00fczere ilgili t\u00fcm kurum ve yetkilileri konu hakk\u0131nda ivedilikle kapsaml\u0131 bir a\u00e7\u0131klama yapmaya davet ediyoruz. Milliyet\u00e7i Demokrasi Partisi olarak s\u00fcrecin takip\u00e7isi olaca\u011f\u0131m\u0131z\u0131 ve geli\u015fmeleri hassasiyetle izlemeyi s\u00fcrd\u00fcrece\u011fimizi kamuoyuna sayg\u0131yla duyururuz.\u201d<\/p>\n<p> (FG)<\/p>\n","protected":false},"excerpt":{"rendered":"<p>Milliyet\u00e7i Demokrasi Partisi (MDP) Genel Sekreteri Sunalp Dervi\u015f Sencer, \u201cYa\u015fanan facian\u0131n t\u00fcm y\u00f6nleriyle ayd\u0131nlat\u0131lmas\u0131, varsa sorumlular\u0131n tespit edilerek kamuoyu ile payla\u015f\u0131lmas\u0131 b\u00fcy\u00fck \u00f6nem ta\u015f\u0131maktad\u0131r.\u201d a\u00e7\u0131klamas\u0131nda bulundu. Yap\u0131lan yaz\u0131l\u0131 a\u00e7\u0131klamada \u201cBu elim olay, hepimizi derin bir \u00fcz\u00fcnt\u00fcye sevk etmi\u015ftir. Hayat\u0131n\u0131 kaybeden vatanda\u015flar\u0131m\u0131za Allah\u2019tan rahmet, ailelerine ve yak\u0131nlar\u0131na ba\u015fsa\u011fl\u0131\u011f\u0131 diliyor; kay\u0131p oldu\u011fu bildirilen vatanda\u015flar\u0131m\u0131zdan gelecek iyi haberleri &hellip;<\/p>\n","protected":false},"author":1,"featured_media":150468,"comment_status":"open","ping_status":"open","sticky":false,"template":"","format":"standard","meta":{"footnotes":""},"categories":[2],"tags":[561,48636,48635,493,4552,1989,21109,249,48633],"class_list":["post-150467","post","type-post","status-publish","format-standard","has-post-thumbnail","hentry","category-kibris","tag-tum","tag-aydinlatilmalidir","tag-facia","tag-genel","tag-mdp","tag-sekreteri","tag-sencer","tag-yasanan","tag-yonleriyle"],"_links":{"self":[{"href":"https:\/\/www.kibrishost.com\/tak\/wp-json\/wp\/v2\/posts\/150467"}],"collection":[{"href":"https:\/\/www.kibrishost.com\/tak\/wp-json\/wp\/v2\/posts"}],"about":[{"href":"https:\/\/www.kibrishost.com\/tak\/wp-json\/wp\/v2\/types\/post"}],"author":[{"embeddable":true,"href":"https:\/\/www.kibrishost.com\/tak\/wp-json\/wp\/v2\/users\/1"}],"replies":[{"embeddable":true,"href":"https:\/\/www.kibrishost.com\/tak\/wp-json\/wp\/v2\/comments?post=150467"}],"version-history":[{"count":0,"href":"https:\/\/www.kibrishost.com\/tak\/wp-json\/wp\/v2\/posts\/150467\/revisions"}],"wp:featuredmedia":[{"embeddable":true,"href":"https:\/\/www.kibrishost.com\/tak\/wp-json\/wp\/v2\/media\/150468"}],"wp:attachment":[{"href":"https:\/\/www.kibrishost.com\/tak\/wp-json\/wp\/v2\/media?parent=150467"}],"wp:term":[{"taxonomy":"category","embeddable":true,"href":"https:\/\/www.kibrishost.com\/tak\/wp-json\/wp\/v2\/categories?post=150467"},{"taxonomy":"post_tag","embeddable":true,"href":"https:\/\/www.kibrishost.com\/tak\/wp-json\/wp\/v2\/tags?post=150467"}],"curies":[{"name":"wp","href":"https:\/\/api.w.org\/{rel}","templated":true}]}}