{"id":150465,"date":"2026-08-31T10:00:50","date_gmt":"2026-08-31T07:00:50","guid":{"rendered":"https:\/\/www.kibrishost.com\/tak\/atan-sorumluluk-makaminda-oturanlar-artik-bedel-odemeyi-de-bilmelidir\/"},"modified":"2026-08-31T10:00:50","modified_gmt":"2026-08-31T07:00:50","slug":"atan-sorumluluk-makaminda-oturanlar-artik-bedel-odemeyi-de-bilmelidir","status":"publish","type":"post","link":"https:\/\/www.kibrishost.com\/tak\/atan-sorumluluk-makaminda-oturanlar-artik-bedel-odemeyi-de-bilmelidir\/","title":{"rendered":"Atan: \u201cSorumluluk makam\u0131nda oturanlar, art\u0131k bedel \u00f6demeyi de bilmelidir\u201d"},"content":{"rendered":"<p>Kamusen Ba\u015fkan\u0131 Metin Atan, \u201cSorumluluk makam\u0131nda bulunan ki\u015fi, kendi g\u00f6rev alan\u0131nda ya\u015fanan b\u00f6ylesine b\u00fcy\u00fck bir facian\u0131n ard\u0131ndan ortaya \u00e7\u0131kan tablo kar\u015f\u0131s\u0131nda siyasi bedel \u00f6demeyi de bilmelidir\u201d a\u00e7\u0131klamas\u0131nda bulundu.\u00a0 Atan, Bay\u0131nd\u0131rl\u0131k ve Ula\u015ft\u0131rma Bakan\u0131 Erhan Ar\u0131kl\u0131\u2019y\u0131 istifaya davet etti.<\/p>\n<p>\u201cGirne a\u00e7\u0131klar\u0131nda ya\u015fanan ve can kay\u0131plar\u0131yla sonu\u00e7lanan feribot facias\u0131, toplumumuzu derin bir ac\u0131ya bo\u011fmu\u015ftur\u201d diyen Atan, \u201cb\u00f6ylesine a\u011f\u0131r bir facian\u0131n ard\u0131ndan yaln\u0131zca ba\u015fsa\u011fl\u0131\u011f\u0131 mesajlar\u0131 yay\u0131mlamak, soru\u015fturma ba\u015flat\u0131ld\u0131\u011f\u0131n\u0131 s\u00f6ylemek ve kamuoyuna sab\u0131r telkin etmek yeterli de\u011fildir. Ortada kaybedilmi\u015f canlar vard\u0131r. Dolay\u0131s\u0131yla ortada mutlaka cevaplanmas\u0131 gereken sorular, yerine getirilmesi gereken sorumluluklar ve hesap vermesi gereken makamlar da vard\u0131r.\u201d \u0130fadelerini kulland\u0131. <\/p>\n<p>Atan a\u00e7\u0131klamas\u0131n\u0131 \u015f\u00f6yle s\u00fcrd\u00fcrd\u00fc: <\/p>\n<p>\u201cKazaya kar\u0131\u015fan geminin teknik durumu, denetimleri, seyre elveri\u015flilik \u015fartlar\u0131, izinleri, bak\u0131m s\u00fcre\u00e7leri ve ilgili kurumlar\u0131n sorumluluklar\u0131 hi\u00e7bir ku\u015fkuya yer b\u0131rakmayacak \u015fekilde kamuoyuna a\u00e7\u0131klanmal\u0131d\u0131r.<\/p>\n<p>Bay\u0131nd\u0131rl\u0131k ve Ula\u015ft\u0131rma Bakanl\u0131\u011f\u0131 ba\u015fta olmak \u00fczere, bu s\u00fcre\u00e7te denetim ve g\u00f6zetim sorumlulu\u011fu bulunan b\u00fct\u00fcn kurumlar\u0131n uygulamalar\u0131 ba\u011f\u0131ms\u0131z ve \u015feffaf bi\u00e7imde soru\u015fturulmal\u0131d\u0131r. Siyasi sorumluluk yaln\u0131zca a\u00e7\u0131klama yapmakla yerine getirilmez.<\/p>\n<p>Sorumluluk makam\u0131nda bulunan ki\u015fi, kendi g\u00f6rev alan\u0131nda ya\u015fanan b\u00f6ylesine b\u00fcy\u00fck bir facian\u0131n ard\u0131ndan ortaya \u00e7\u0131kan tablo kar\u015f\u0131s\u0131nda siyasi bedel \u00f6demeyi de bilmelidir.<\/p>\n<p>Bu nedenle Bay\u0131nd\u0131rl\u0131k ve Ula\u015ft\u0131rma Bakan\u0131 Erhan Ar\u0131kl\u0131\u2019n\u0131n g\u00f6revinden istifa etmesi gerekti\u011fini a\u00e7\u0131k\u00e7a ifade ediyoruz. \u0130stifa etmek su\u00e7un kabul\u00fc de\u011fildir; demokratik y\u00f6netim anlay\u0131\u015f\u0131nda siyasi sorumlulu\u011fun gere\u011fidir.<\/p>\n<p>Toplumun beklentisi \u00e7ok a\u00e7\u0131kt\u0131r:Ger\u00e7ekler saklanmamal\u0131, hi\u00e7bir kurum veya ki\u015fi korunmamal\u0131, ihmali ve kusuru bulunan kim varsa makam\u0131na bak\u0131lmaks\u0131z\u0131n yarg\u0131 \u00f6n\u00fcnde hesap vermelidir.<\/p>\n<p>KAMUSEN olarak bu facian\u0131n \u00fczerinin hi\u00e7bir gerek\u00e7eyle \u00f6rt\u00fclmesine, sorumlulu\u011fun kurumlar aras\u0131nda da\u011f\u0131t\u0131larak belirsizle\u015ftirilmesine veya olay\u0131n zaman i\u00e7erisinde unutturulmas\u0131na izin verilmemesi gerekti\u011fini vurguluyoruz\u201d<\/p><\/p>\n","protected":false},"excerpt":{"rendered":"<p>Kamusen Ba\u015fkan\u0131 Metin Atan, \u201cSorumluluk makam\u0131nda bulunan ki\u015fi, kendi g\u00f6rev alan\u0131nda ya\u015fanan b\u00f6ylesine b\u00fcy\u00fck bir facian\u0131n ard\u0131ndan ortaya \u00e7\u0131kan tablo kar\u015f\u0131s\u0131nda siyasi bedel \u00f6demeyi de bilmelidir\u201d a\u00e7\u0131klamas\u0131nda bulundu.\u00a0 Atan, Bay\u0131nd\u0131rl\u0131k ve Ula\u015ft\u0131rma Bakan\u0131 Erhan Ar\u0131kl\u0131\u2019y\u0131 istifaya davet etti. \u201cGirne a\u00e7\u0131klar\u0131nda ya\u015fanan ve can kay\u0131plar\u0131yla sonu\u00e7lanan feribot facias\u0131, toplumumuzu derin bir ac\u0131ya bo\u011fmu\u015ftur\u201d diyen Atan, \u201cb\u00f6ylesine &hellip;<\/p>\n","protected":false},"author":1,"featured_media":150466,"comment_status":"open","ping_status":"open","sticky":false,"template":"","format":"standard","meta":{"footnotes":""},"categories":[2],"tags":[2699,1196,23719,24022,25498,7124,48634,9374],"class_list":["post-150465","post","type-post","status-publish","format-standard","has-post-thumbnail","hentry","category-kibris","tag-artik","tag-atan","tag-bedel","tag-bilmelidir","tag-makaminda","tag-odemeyi","tag-oturanlar","tag-sorumluluk"],"_links":{"self":[{"href":"https:\/\/www.kibrishost.com\/tak\/wp-json\/wp\/v2\/posts\/150465"}],"collection":[{"href":"https:\/\/www.kibrishost.com\/tak\/wp-json\/wp\/v2\/posts"}],"about":[{"href":"https:\/\/www.kibrishost.com\/tak\/wp-json\/wp\/v2\/types\/post"}],"author":[{"embeddable":true,"href":"https:\/\/www.kibrishost.com\/tak\/wp-json\/wp\/v2\/users\/1"}],"replies":[{"embeddable":true,"href":"https:\/\/www.kibrishost.com\/tak\/wp-json\/wp\/v2\/comments?post=150465"}],"version-history":[{"count":0,"href":"https:\/\/www.kibrishost.com\/tak\/wp-json\/wp\/v2\/posts\/150465\/revisions"}],"wp:featuredmedia":[{"embeddable":true,"href":"https:\/\/www.kibrishost.com\/tak\/wp-json\/wp\/v2\/media\/150466"}],"wp:attachment":[{"href":"https:\/\/www.kibrishost.com\/tak\/wp-json\/wp\/v2\/media?parent=150465"}],"wp:term":[{"taxonomy":"category","embeddable":true,"href":"https:\/\/www.kibrishost.com\/tak\/wp-json\/wp\/v2\/categories?post=150465"},{"taxonomy":"post_tag","embeddable":true,"href":"https:\/\/www.kibrishost.com\/tak\/wp-json\/wp\/v2\/tags?post=150465"}],"curies":[{"name":"wp","href":"https:\/\/api.w.org\/{rel}","templated":true}]}}