{"id":150463,"date":"2026-08-31T09:50:20","date_gmt":"2026-08-31T06:50:20","guid":{"rendered":"https:\/\/www.kibrishost.com\/tak\/bicakli-olayin-tum-yonleriyle-arastirilmasini-ve-sorumlularin-gereken-en-agir-cezayi-almasini-istiyoruz\/"},"modified":"2026-08-31T09:50:20","modified_gmt":"2026-08-31T06:50:20","slug":"bicakli-olayin-tum-yonleriyle-arastirilmasini-ve-sorumlularin-gereken-en-agir-cezayi-almasini-istiyoruz","status":"publish","type":"post","link":"https:\/\/www.kibrishost.com\/tak\/bicakli-olayin-tum-yonleriyle-arastirilmasini-ve-sorumlularin-gereken-en-agir-cezayi-almasini-istiyoruz\/","title":{"rendered":"B\u0131\u00e7akl\u0131: Olay\u0131n t\u00fcm y\u00f6nleriyle ara\u015ft\u0131r\u0131lmas\u0131n\u0131 ve sorumlular\u0131n gereken en a\u011f\u0131r cezay\u0131 almas\u0131n\u0131 istiyoruz"},"content":{"rendered":"<p>T\u00fcrk-Sen Genel ba\u015fkan\u0131 Arslan B\u0131\u00e7akl\u0131 Girne a\u00e7\u0131klar\u0131nda ya\u015fanan gemi kazas\u0131yla ilgili olay\u0131n t\u00fcm y\u00f6nleriyle ara\u015ft\u0131r\u0131lmas\u0131n\u0131 ve sorumlular\u0131n gereken en a\u011f\u0131r cezay\u0131 almas\u0131n\u0131 talep etti.<\/p>\n<p>Yap\u0131lan yaz\u0131l\u0131 a\u00e7\u0131klamada, \u201cGirne a\u00e7\u0131klar\u0131nda\u00a0 ya\u015fanan ve \u00fclkemizde b\u00fcy\u00fck \u00fcz\u00fcnt\u00fc yaratan gemi facias\u0131, denizlerimizde g\u00fcvenlik ,denetim ve gerekli tedbirlerin ne kadar \u00f6nemli oldu\u011funu bir kez daha g\u00f6zler \u00f6n\u00fcne sermi\u015ftir\u201d denildi.<\/p>\n<p>A\u00e7\u0131klamada \u201c Gerekli denetimler zaman\u0131nda ve gerekti\u011fi \u015fekilde yap\u0131lm\u0131\u015f m\u0131d\u0131r ? Ya\u015fanan olay\u0131n \u00f6nceden \u00f6ng\u00f6r\u00fclebilecek\u00a0 riskleri var m\u0131yd\u0131 ? Varsa bu risklere kar\u015f\u0131 neden gerekli tedbirler al\u0131nmad\u0131?\u201d sorular\u0131 da y\u00f6neltildi.<\/p>\n<p>\u201cGemide bulunan yaralanan ve bu olaydan etkilenen herkese ge\u00e7mi\u015f olsun dileklerimizi iletiyoruz. Yaral\u0131lara acil \u015fifalar diliyor ,hayat\u0131n\u0131\u00a0 kaybedenlere Allah\u2019tan\u00a0 rahmet yasl\u0131 ailelerine ve\u00a0 yak\u0131nlar\u0131na\u00a0 sab\u0131rlar dileriz\u201d denilen a\u00e7\u0131klamada \u201cT\u00fcrk-Sen olarak ya\u015fanan olaydan b\u00fcy\u00fck \u00fcz\u00fcnt\u00fc duyuyor, olay\u0131n t\u00fcm y\u00f6nleriyle ara\u015ft\u0131r\u0131lmas\u0131n\u0131n ve sorumlular\u0131n gereken en a\u011f\u0131r cezay\u0131 almas\u0131n\u0131 istiyoruz\u201d ifadeleri kullan\u0131ld\u0131.<\/p><\/p>\n","protected":false},"excerpt":{"rendered":"<p>T\u00fcrk-Sen Genel ba\u015fkan\u0131 Arslan B\u0131\u00e7akl\u0131 Girne a\u00e7\u0131klar\u0131nda ya\u015fanan gemi kazas\u0131yla ilgili olay\u0131n t\u00fcm y\u00f6nleriyle ara\u015ft\u0131r\u0131lmas\u0131n\u0131 ve sorumlular\u0131n gereken en a\u011f\u0131r cezay\u0131 almas\u0131n\u0131 talep etti. Yap\u0131lan yaz\u0131l\u0131 a\u00e7\u0131klamada, \u201cGirne a\u00e7\u0131klar\u0131nda\u00a0 ya\u015fanan ve \u00fclkemizde b\u00fcy\u00fck \u00fcz\u00fcnt\u00fc yaratan gemi facias\u0131, denizlerimizde g\u00fcvenlik ,denetim ve gerekli tedbirlerin ne kadar \u00f6nemli oldu\u011funu bir kez daha g\u00f6zler \u00f6n\u00fcne sermi\u015ftir\u201d denildi. A\u00e7\u0131klamada &hellip;<\/p>\n","protected":false},"author":1,"featured_media":150464,"comment_status":"open","ping_status":"open","sticky":false,"template":"","format":"standard","meta":{"footnotes":""},"categories":[2],"tags":[561,1398,13602,5548,4174,6432,4032,5858,12856,12646,48633],"class_list":["post-150463","post","type-post","status-publish","format-standard","has-post-thumbnail","hentry","category-kibris","tag-tum","tag-agir","tag-almasini","tag-arastirilmasini","tag-bicakli","tag-cezayi","tag-gereken","tag-istiyoruz","tag-olayin","tag-sorumlularin","tag-yonleriyle"],"_links":{"self":[{"href":"https:\/\/www.kibrishost.com\/tak\/wp-json\/wp\/v2\/posts\/150463"}],"collection":[{"href":"https:\/\/www.kibrishost.com\/tak\/wp-json\/wp\/v2\/posts"}],"about":[{"href":"https:\/\/www.kibrishost.com\/tak\/wp-json\/wp\/v2\/types\/post"}],"author":[{"embeddable":true,"href":"https:\/\/www.kibrishost.com\/tak\/wp-json\/wp\/v2\/users\/1"}],"replies":[{"embeddable":true,"href":"https:\/\/www.kibrishost.com\/tak\/wp-json\/wp\/v2\/comments?post=150463"}],"version-history":[{"count":0,"href":"https:\/\/www.kibrishost.com\/tak\/wp-json\/wp\/v2\/posts\/150463\/revisions"}],"wp:featuredmedia":[{"embeddable":true,"href":"https:\/\/www.kibrishost.com\/tak\/wp-json\/wp\/v2\/media\/150464"}],"wp:attachment":[{"href":"https:\/\/www.kibrishost.com\/tak\/wp-json\/wp\/v2\/media?parent=150463"}],"wp:term":[{"taxonomy":"category","embeddable":true,"href":"https:\/\/www.kibrishost.com\/tak\/wp-json\/wp\/v2\/categories?post=150463"},{"taxonomy":"post_tag","embeddable":true,"href":"https:\/\/www.kibrishost.com\/tak\/wp-json\/wp\/v2\/tags?post=150463"}],"curies":[{"name":"wp","href":"https:\/\/api.w.org\/{rel}","templated":true}]}}