{"id":150461,"date":"2026-08-31T09:40:28","date_gmt":"2026-08-31T06:40:28","guid":{"rendered":"https:\/\/www.kibrishost.com\/tak\/akpinar-gemi-kazasiyla-ilgili-cumhuriyet-meclisi-baskanligina-yazili-soru-sundu\/"},"modified":"2026-08-31T09:40:28","modified_gmt":"2026-08-31T06:40:28","slug":"akpinar-gemi-kazasiyla-ilgili-cumhuriyet-meclisi-baskanligina-yazili-soru-sundu","status":"publish","type":"post","link":"https:\/\/www.kibrishost.com\/tak\/akpinar-gemi-kazasiyla-ilgili-cumhuriyet-meclisi-baskanligina-yazili-soru-sundu\/","title":{"rendered":"Akp\u0131nar, gemi kazas\u0131yla ilgili Cumhuriyet Meclisi Ba\u015fkanl\u0131\u011f\u0131\u2019na yaz\u0131l\u0131 soru sundu"},"content":{"rendered":"<p>Demokrat Parti Genel Sekreteri ve Girne Milletvekili Serhat Akp\u0131nar, gemi kazas\u0131yla ilgili Cumhuriyet Meclisi Ba\u015fkanl\u0131\u011f\u0131\u2019na yaz\u0131l\u0131 soru sundu.<\/p>\n<p>Akp\u0131nar, meydana gelen kazan\u0131n, yolcu ta\u015f\u0131mac\u0131l\u0131\u011f\u0131nda can g\u00fcvenli\u011fi, teknik yeterlilik ve kamusal denetim s\u00fcre\u00e7lerine ili\u015fkin cevapland\u0131r\u0131lmas\u0131 gereken ciddi sorular\u0131 g\u00fcndeme getirdi\u011fini belirtti. <\/p>\n<p>Kazan\u0131n kesin nedeninin ancak uzmanlar taraf\u0131ndan y\u00fcr\u00fct\u00fclecek kapsaml\u0131, ba\u011f\u0131ms\u0131z ve bilimsel bir teknik inceleme sonucunda ortaya konulabilece\u011fini vurgulayan Akp\u0131nar, geminin hangi teknik belgeler, denetimler ve idari de\u011ferlendirmeler sonucunda Girne Liman\u0131\u2019ndan sefere \u00e7\u0131kmas\u0131na izin verildi\u011fini sorman\u0131n hem Cumhuriyet Meclisinin hem de milletvekillerinin kamu ad\u0131na ta\u015f\u0131d\u0131\u011f\u0131 denetim sorumlulu\u011funun bir gere\u011fi oldu\u011funu kaydetti. <\/p>\n<p>Akp\u0131nar, bu nedenle F\u0130LO JET\u2019in hat ve sefer izinlerinden klas ve g\u00fcvenlik sertifikalar\u0131na, yap\u0131lan teknik denetimlerden al\u00fcminyum g\u00f6vdenin yap\u0131sal durumuna, stabilite hesaplar\u0131ndan yolcu kapasitesine, ge\u00e7mi\u015f teknik kay\u0131tlar\u0131ndan T\u00fcrk Loydu taraf\u0131ndan ger\u00e7ekle\u015ftirilen denetimlere kadar uzanan yaz\u0131l\u0131 soruyu Cumhuriyet Meclisi Ba\u015fkanl\u0131\u011f\u0131na sundu. <\/p>\n<p>Geminin yakla\u015f\u0131k 514 metre derinlikte bulunmas\u0131n\u0131n teknik incelemeye engel te\u015fkil etmedi\u011fini belirten Akp\u0131nar, geminin ge\u00e7mi\u015f teknik kay\u0131tlar\u0131 ile ilgili de sorular y\u00f6neltti. <\/p>\n<p>\u201c\u0130nsan hayat\u0131n\u0131n s\u00f6z konusu oldu\u011fu yerde hi\u00e7bir denetim \u015fekli bir prosed\u00fcre, hi\u00e7bir teknik belge de dosyada bulunmas\u0131 gereken bir evraka indirgenemez.\u201d diyen Akp\u0131nar, belgeleriyle, raporlar\u0131yla ve b\u00fct\u00fcn \u015feffafl\u0131\u011f\u0131yla kamuoyuna cevap verilmesi beklentisini dile getirdi. <\/p><\/p>\n","protected":false},"excerpt":{"rendered":"<p>Demokrat Parti Genel Sekreteri ve Girne Milletvekili Serhat Akp\u0131nar, gemi kazas\u0131yla ilgili Cumhuriyet Meclisi Ba\u015fkanl\u0131\u011f\u0131\u2019na yaz\u0131l\u0131 soru sundu. Akp\u0131nar, meydana gelen kazan\u0131n, yolcu ta\u015f\u0131mac\u0131l\u0131\u011f\u0131nda can g\u00fcvenli\u011fi, teknik yeterlilik ve kamusal denetim s\u00fcre\u00e7lerine ili\u015fkin cevapland\u0131r\u0131lmas\u0131 gereken ciddi sorular\u0131 g\u00fcndeme getirdi\u011fini belirtti. Kazan\u0131n kesin nedeninin ancak uzmanlar taraf\u0131ndan y\u00fcr\u00fct\u00fclecek kapsaml\u0131, ba\u011f\u0131ms\u0131z ve bilimsel bir teknik inceleme sonucunda &hellip;<\/p>\n","protected":false},"author":1,"featured_media":150462,"comment_status":"open","ping_status":"open","sticky":false,"template":"","format":"standard","meta":{"footnotes":""},"categories":[2],"tags":[4231,5544,3751,16445,2322,6720,2314,7865,23,3923],"class_list":["post-150461","post","type-post","status-publish","format-standard","has-post-thumbnail","hentry","category-kibris","tag-akpinar","tag-baskanligina","tag-cumhuriyet","tag-gemi","tag-ilgili","tag-kazasiyla","tag-meclisi","tag-soru","tag-sundu","tag-yazili"],"_links":{"self":[{"href":"https:\/\/www.kibrishost.com\/tak\/wp-json\/wp\/v2\/posts\/150461"}],"collection":[{"href":"https:\/\/www.kibrishost.com\/tak\/wp-json\/wp\/v2\/posts"}],"about":[{"href":"https:\/\/www.kibrishost.com\/tak\/wp-json\/wp\/v2\/types\/post"}],"author":[{"embeddable":true,"href":"https:\/\/www.kibrishost.com\/tak\/wp-json\/wp\/v2\/users\/1"}],"replies":[{"embeddable":true,"href":"https:\/\/www.kibrishost.com\/tak\/wp-json\/wp\/v2\/comments?post=150461"}],"version-history":[{"count":0,"href":"https:\/\/www.kibrishost.com\/tak\/wp-json\/wp\/v2\/posts\/150461\/revisions"}],"wp:featuredmedia":[{"embeddable":true,"href":"https:\/\/www.kibrishost.com\/tak\/wp-json\/wp\/v2\/media\/150462"}],"wp:attachment":[{"href":"https:\/\/www.kibrishost.com\/tak\/wp-json\/wp\/v2\/media?parent=150461"}],"wp:term":[{"taxonomy":"category","embeddable":true,"href":"https:\/\/www.kibrishost.com\/tak\/wp-json\/wp\/v2\/categories?post=150461"},{"taxonomy":"post_tag","embeddable":true,"href":"https:\/\/www.kibrishost.com\/tak\/wp-json\/wp\/v2\/tags?post=150461"}],"curies":[{"name":"wp","href":"https:\/\/api.w.org\/{rel}","templated":true}]}}