{"id":150457,"date":"2026-08-31T09:30:42","date_gmt":"2026-08-31T06:30:42","guid":{"rendered":"https:\/\/www.kibrishost.com\/tak\/gemi-faciasiyla-ilgili-guncel-bilgiler-basbakanlik-tarafindan-paylasilacak\/"},"modified":"2026-08-31T09:30:42","modified_gmt":"2026-08-31T06:30:42","slug":"gemi-faciasiyla-ilgili-guncel-bilgiler-basbakanlik-tarafindan-paylasilacak","status":"publish","type":"post","link":"https:\/\/www.kibrishost.com\/tak\/gemi-faciasiyla-ilgili-guncel-bilgiler-basbakanlik-tarafindan-paylasilacak\/","title":{"rendered":"Gemi facias\u0131yla ilgili g\u00fcncel bilgiler Ba\u015fbakanl\u0131k taraf\u0131ndan payla\u015f\u0131lacak"},"content":{"rendered":"<p>Sivil Savunma Te\u015fkilat\u0131 Ba\u015fkanl\u0131\u011f\u0131, d\u00fcn ya\u015fanan gemi facias\u0131yla ilgili resmi a\u00e7\u0131klama ve b\u00f6lgede y\u00fcr\u00fct\u00fclen arama-tarama faaliyetlerinin sonu\u00e7lar\u0131na ili\u015fkin g\u00fcncel ve net bilgilerin Ba\u015fbakanl\u0131k taraf\u0131ndan payla\u015f\u0131lmas\u0131n\u0131n planland\u0131\u011f\u0131n\u0131 duyurdu. <\/p>\n<p>Sivil Savunma Te\u015fkilat Ba\u015fkanl\u0131\u011f\u0131\u2019ndan yap\u0131lan a\u00e7\u0131klamaya g\u00f6re, konuya ili\u015fkin resmi ve g\u00fcncel bilgilere Ba\u015fbakanl\u0131ktan ula\u015f\u0131lmas\u0131 gerekti\u011fine i\u015faret edilerek, \u00e7al\u0131\u015fmalar\u0131n hassasiyetle s\u00fcrd\u00fcr\u00fcld\u00fc\u011f\u00fc vurguland\u0131. \u00a0<\/p>\n<p>A\u00e7\u0131klamada, b\u00f6lgede arama-tarama faaliyetlerinin devam etti\u011fi belirtilerek, b\u00f6lgede \u00e7ok say\u0131da arama-tarama unsurunun \u00e7al\u0131\u015fmalar\u0131n\u0131 s\u00fcrd\u00fcrd\u00fc\u011f\u00fc, Sivil Savunma Te\u015fkilat\u0131 Ba\u015fkanl\u0131\u011f\u0131na ba\u011fl\u0131 arama-tarama ekiplerinin de b\u00f6lgede faaliyetlerine devam etti\u011fi kaydedildi. <\/p><\/p>\n","protected":false},"excerpt":{"rendered":"<p>Sivil Savunma Te\u015fkilat\u0131 Ba\u015fkanl\u0131\u011f\u0131, d\u00fcn ya\u015fanan gemi facias\u0131yla ilgili resmi a\u00e7\u0131klama ve b\u00f6lgede y\u00fcr\u00fct\u00fclen arama-tarama faaliyetlerinin sonu\u00e7lar\u0131na ili\u015fkin g\u00fcncel ve net bilgilerin Ba\u015fbakanl\u0131k taraf\u0131ndan payla\u015f\u0131lmas\u0131n\u0131n planland\u0131\u011f\u0131n\u0131 duyurdu. Sivil Savunma Te\u015fkilat Ba\u015fkanl\u0131\u011f\u0131\u2019ndan yap\u0131lan a\u00e7\u0131klamaya g\u00f6re, konuya ili\u015fkin resmi ve g\u00fcncel bilgilere Ba\u015fbakanl\u0131ktan ula\u015f\u0131lmas\u0131 gerekti\u011fine i\u015faret edilerek, \u00e7al\u0131\u015fmalar\u0131n hassasiyetle s\u00fcrd\u00fcr\u00fcld\u00fc\u011f\u00fc vurguland\u0131. \u00a0 A\u00e7\u0131klamada, b\u00f6lgede arama-tarama faaliyetlerinin devam &hellip;<\/p>\n","protected":false},"author":1,"featured_media":150458,"comment_status":"open","ping_status":"open","sticky":false,"template":"","format":"standard","meta":{"footnotes":""},"categories":[2],"tags":[3456,6828,48630,16445,4246,2322,48631,1126],"class_list":["post-150457","post","type-post","status-publish","format-standard","has-post-thumbnail","hentry","category-kibris","tag-basbakanlik","tag-bilgiler","tag-faciasiyla","tag-gemi","tag-guncel","tag-ilgili","tag-paylasilacak","tag-tarafindan"],"_links":{"self":[{"href":"https:\/\/www.kibrishost.com\/tak\/wp-json\/wp\/v2\/posts\/150457"}],"collection":[{"href":"https:\/\/www.kibrishost.com\/tak\/wp-json\/wp\/v2\/posts"}],"about":[{"href":"https:\/\/www.kibrishost.com\/tak\/wp-json\/wp\/v2\/types\/post"}],"author":[{"embeddable":true,"href":"https:\/\/www.kibrishost.com\/tak\/wp-json\/wp\/v2\/users\/1"}],"replies":[{"embeddable":true,"href":"https:\/\/www.kibrishost.com\/tak\/wp-json\/wp\/v2\/comments?post=150457"}],"version-history":[{"count":0,"href":"https:\/\/www.kibrishost.com\/tak\/wp-json\/wp\/v2\/posts\/150457\/revisions"}],"wp:featuredmedia":[{"embeddable":true,"href":"https:\/\/www.kibrishost.com\/tak\/wp-json\/wp\/v2\/media\/150458"}],"wp:attachment":[{"href":"https:\/\/www.kibrishost.com\/tak\/wp-json\/wp\/v2\/media?parent=150457"}],"wp:term":[{"taxonomy":"category","embeddable":true,"href":"https:\/\/www.kibrishost.com\/tak\/wp-json\/wp\/v2\/categories?post=150457"},{"taxonomy":"post_tag","embeddable":true,"href":"https:\/\/www.kibrishost.com\/tak\/wp-json\/wp\/v2\/tags?post=150457"}],"curies":[{"name":"wp","href":"https:\/\/api.w.org\/{rel}","templated":true}]}}