{"id":150449,"date":"2026-08-31T09:10:20","date_gmt":"2026-08-31T06:10:20","guid":{"rendered":"https:\/\/www.kibrishost.com\/tak\/avrupa-komisyonu-kibris-temsilciligi-denizde-yasanan-trajik-olaylar-sebebiyle-mesaj-yayimladi\/"},"modified":"2026-08-31T09:10:20","modified_gmt":"2026-08-31T06:10:20","slug":"avrupa-komisyonu-kibris-temsilciligi-denizde-yasanan-trajik-olaylar-sebebiyle-mesaj-yayimladi","status":"publish","type":"post","link":"https:\/\/www.kibrishost.com\/tak\/avrupa-komisyonu-kibris-temsilciligi-denizde-yasanan-trajik-olaylar-sebebiyle-mesaj-yayimladi\/","title":{"rendered":"Avrupa Komisyonu K\u0131br\u0131s Temsilcili\u011fi, denizde ya\u015fanan trajik olaylar sebebiyle mesaj yay\u0131mlad\u0131"},"content":{"rendered":"<p>Avrupa Komisyonu K\u0131br\u0131s Temsilcili\u011fi d\u00fcn ger\u00e7ekle\u015fen feribot kazas\u0131 sebebiyle ya\u015fanan trajik can kay\u0131plar\u0131ndan dolay\u0131 \u00fcz\u00fcnt\u00fc duyduklar\u0131n\u0131 belirtti.<\/p>\n<p>Yaz\u0131l\u0131 a\u00e7\u0131klama yapan Avrupa Komisyonu K\u0131br\u0131s Temsilcili\u011fi, hayat\u0131n\u0131 kaybedenlerin aile ve sevdiklerine ba\u015fsa\u011fl\u0131\u011f\u0131 dileyerek, yaralanan ve kaybolanlarla ilgili olumlu haber beklentilerini dile getirdi.\u00a0<\/p>\n<p>Kay\u0131plar\u0131n bir an \u00f6nce g\u00fcvenli \u015fekilde bulunmas\u0131n\u0131 dileyen Temsilcilik ayr\u0131ca, cumartesi g\u00fcn\u00fc G\u00fcney K\u0131br\u0131s\u2019ta f\u0131rt\u0131na s\u0131ras\u0131nda denizde hayat\u0131n\u0131 kaybeden ki\u015finin ailesine de ba\u015fsa\u011fl\u0131\u011f\u0131 dileklerini iletti.<\/p>\n<\/p>\n<p>\u00a0<\/p>\n<p>(DER\/TU\u011e)<\/p>\n","protected":false},"excerpt":{"rendered":"<p>Avrupa Komisyonu K\u0131br\u0131s Temsilcili\u011fi d\u00fcn ger\u00e7ekle\u015fen feribot kazas\u0131 sebebiyle ya\u015fanan trajik can kay\u0131plar\u0131ndan dolay\u0131 \u00fcz\u00fcnt\u00fc duyduklar\u0131n\u0131 belirtti. Yaz\u0131l\u0131 a\u00e7\u0131klama yapan Avrupa Komisyonu K\u0131br\u0131s Temsilcili\u011fi, hayat\u0131n\u0131 kaybedenlerin aile ve sevdiklerine ba\u015fsa\u011fl\u0131\u011f\u0131 dileyerek, yaralanan ve kaybolanlarla ilgili olumlu haber beklentilerini dile getirdi.\u00a0 Kay\u0131plar\u0131n bir an \u00f6nce g\u00fcvenli \u015fekilde bulunmas\u0131n\u0131 dileyen Temsilcilik ayr\u0131ca, cumartesi g\u00fcn\u00fc G\u00fcney K\u0131br\u0131s\u2019ta f\u0131rt\u0131na &hellip;<\/p>\n","protected":false},"author":1,"featured_media":150450,"comment_status":"open","ping_status":"open","sticky":false,"template":"","format":"standard","meta":{"footnotes":""},"categories":[2],"tags":[6892,1244,4422,122,3104,117,1238,1525,11451,249,2845],"class_list":["post-150449","post","type-post","status-publish","format-standard","has-post-thumbnail","hentry","category-kibris","tag-trajik","tag-avrupa","tag-denizde","tag-kibris","tag-komisyonu","tag-mesaj","tag-olaylar","tag-sebebiyle","tag-temsilciligi","tag-yasanan","tag-yayimladi"],"_links":{"self":[{"href":"https:\/\/www.kibrishost.com\/tak\/wp-json\/wp\/v2\/posts\/150449"}],"collection":[{"href":"https:\/\/www.kibrishost.com\/tak\/wp-json\/wp\/v2\/posts"}],"about":[{"href":"https:\/\/www.kibrishost.com\/tak\/wp-json\/wp\/v2\/types\/post"}],"author":[{"embeddable":true,"href":"https:\/\/www.kibrishost.com\/tak\/wp-json\/wp\/v2\/users\/1"}],"replies":[{"embeddable":true,"href":"https:\/\/www.kibrishost.com\/tak\/wp-json\/wp\/v2\/comments?post=150449"}],"version-history":[{"count":0,"href":"https:\/\/www.kibrishost.com\/tak\/wp-json\/wp\/v2\/posts\/150449\/revisions"}],"wp:featuredmedia":[{"embeddable":true,"href":"https:\/\/www.kibrishost.com\/tak\/wp-json\/wp\/v2\/media\/150450"}],"wp:attachment":[{"href":"https:\/\/www.kibrishost.com\/tak\/wp-json\/wp\/v2\/media?parent=150449"}],"wp:term":[{"taxonomy":"category","embeddable":true,"href":"https:\/\/www.kibrishost.com\/tak\/wp-json\/wp\/v2\/categories?post=150449"},{"taxonomy":"post_tag","embeddable":true,"href":"https:\/\/www.kibrishost.com\/tak\/wp-json\/wp\/v2\/tags?post=150449"}],"curies":[{"name":"wp","href":"https:\/\/api.w.org\/{rel}","templated":true}]}}