{"id":150437,"date":"2026-08-31T09:00:13","date_gmt":"2026-08-31T06:00:13","guid":{"rendered":"https:\/\/www.kibrishost.com\/tak\/pezeskiyan-savas-arayisinda-degiliz-ancak-saldirganlara-kararli-bir-yanit-verecegiz\/"},"modified":"2026-08-31T09:00:13","modified_gmt":"2026-08-31T06:00:13","slug":"pezeskiyan-savas-arayisinda-degiliz-ancak-saldirganlara-kararli-bir-yanit-verecegiz","status":"publish","type":"post","link":"https:\/\/www.kibrishost.com\/tak\/pezeskiyan-savas-arayisinda-degiliz-ancak-saldirganlara-kararli-bir-yanit-verecegiz\/","title":{"rendered":"Peze\u015fkiyan: &#8220;Sava\u015f aray\u0131\u015f\u0131nda de\u011filiz ancak sald\u0131rganlara kararl\u0131 bir yan\u0131t verece\u011fiz&#8221;"},"content":{"rendered":"<p>\u0130ran Cumhurba\u015fkan\u0131 Mesud Peze\u015fkiyan, \u00fclkesinin sava\u015f aray\u0131\u015f\u0131nda olmad\u0131\u011f\u0131n\u0131 ancak sald\u0131rganlara kararl\u0131 bir yan\u0131t vereceklerini bildirdi.<\/p>\n<p>\u0130ran resmi haber ajans\u0131 IRNA&#8217;ya g\u00f6re, Cumhurba\u015fkan\u0131 Peze\u015fkiyan, K\u0131rg\u0131zistan&#8217;da d\u00fczenlenecek \u015eangay \u0130\u015fbirli\u011fi \u00d6rg\u00fct\u00fc Liderler Zirvesi&#8217;ne kat\u0131lmak \u00fczere Bi\u015fkek&#8217;e hareketinden \u00f6nce Tahran&#8217;daki havaliman\u0131nda bas\u0131na a\u00e7\u0131klama yapt\u0131.<\/p>\n<p>ABD&#8217;nin Lark Adas\u0131&#8217;na sald\u0131r\u0131lar\u0131na ve \u0130ran&#8217;\u0131n misillemelerine de\u011finen Peze\u015fkiyan, &#8220;Sava\u015f aray\u0131\u015f\u0131nda de\u011filiz ve bu d\u00fcnyaya \u015fimdiye kadar a\u00e7\u0131klad\u0131\u011f\u0131m\u0131z net bir mesajd\u0131r. Buna kar\u015f\u0131l\u0131k hi\u00e7bir sald\u0131rganl\u0131k kar\u015f\u0131s\u0131nda sessiz kalmayaca\u011f\u0131z ve sald\u0131rganlara kararl\u0131 bir yan\u0131t verece\u011fiz.&#8221; ifadelerini kulland\u0131.<\/p>\n<p>ABD, d\u00fcn gece H\u00fcrm\u00fcz Bo\u011faz\u0131 yak\u0131nlar\u0131ndaki Lark Adas\u0131&#8217;na iki sald\u0131r\u0131 d\u00fczenlemi\u015fti. Devrim Muhaf\u0131zlar\u0131 Ordusu, sald\u0131r\u0131ya kar\u015f\u0131l\u0131k \u00dcrd\u00fcn&#8217;de ABD g\u00fc\u00e7lerinin kulland\u0131\u011f\u0131 Muvaffak Salti ve Kral H\u00fcseyin hava \u00fcslerini balistik f\u00fczelerle vurdu\u011funu duyurmu\u015ftu.<\/p>\n<p>(AA\/AK)<\/p>\n","protected":false},"excerpt":{"rendered":"<p>\u0130ran Cumhurba\u015fkan\u0131 Mesud Peze\u015fkiyan, \u00fclkesinin sava\u015f aray\u0131\u015f\u0131nda olmad\u0131\u011f\u0131n\u0131 ancak sald\u0131rganlara kararl\u0131 bir yan\u0131t vereceklerini bildirdi. \u0130ran resmi haber ajans\u0131 IRNA&#8217;ya g\u00f6re, Cumhurba\u015fkan\u0131 Peze\u015fkiyan, K\u0131rg\u0131zistan&#8217;da d\u00fczenlenecek \u015eangay \u0130\u015fbirli\u011fi \u00d6rg\u00fct\u00fc Liderler Zirvesi&#8217;ne kat\u0131lmak \u00fczere Bi\u015fkek&#8217;e hareketinden \u00f6nce Tahran&#8217;daki havaliman\u0131nda bas\u0131na a\u00e7\u0131klama yapt\u0131. ABD&#8217;nin Lark Adas\u0131&#8217;na sald\u0131r\u0131lar\u0131na ve \u0130ran&#8217;\u0131n misillemelerine de\u011finen Peze\u015fkiyan, &#8220;Sava\u015f aray\u0131\u015f\u0131nda de\u011filiz ve bu d\u00fcnyaya &hellip;<\/p>\n","protected":false},"author":1,"featured_media":150438,"comment_status":"open","ping_status":"open","sticky":false,"template":"","format":"standard","meta":{"footnotes":""},"categories":[4],"tags":[3239,11987,64,3253,3895,1253,48629,819,6766,4604],"class_list":["post-150437","post","type-post","status-publish","format-standard","has-post-thumbnail","hentry","category-dunya","tag-ancak","tag-arayisinda","tag-bir","tag-degiliz","tag-kararli","tag-pezeskiyan","tag-saldirganlara","tag-savas","tag-verecegiz","tag-yanit"],"_links":{"self":[{"href":"https:\/\/www.kibrishost.com\/tak\/wp-json\/wp\/v2\/posts\/150437"}],"collection":[{"href":"https:\/\/www.kibrishost.com\/tak\/wp-json\/wp\/v2\/posts"}],"about":[{"href":"https:\/\/www.kibrishost.com\/tak\/wp-json\/wp\/v2\/types\/post"}],"author":[{"embeddable":true,"href":"https:\/\/www.kibrishost.com\/tak\/wp-json\/wp\/v2\/users\/1"}],"replies":[{"embeddable":true,"href":"https:\/\/www.kibrishost.com\/tak\/wp-json\/wp\/v2\/comments?post=150437"}],"version-history":[{"count":0,"href":"https:\/\/www.kibrishost.com\/tak\/wp-json\/wp\/v2\/posts\/150437\/revisions"}],"wp:featuredmedia":[{"embeddable":true,"href":"https:\/\/www.kibrishost.com\/tak\/wp-json\/wp\/v2\/media\/150438"}],"wp:attachment":[{"href":"https:\/\/www.kibrishost.com\/tak\/wp-json\/wp\/v2\/media?parent=150437"}],"wp:term":[{"taxonomy":"category","embeddable":true,"href":"https:\/\/www.kibrishost.com\/tak\/wp-json\/wp\/v2\/categories?post=150437"},{"taxonomy":"post_tag","embeddable":true,"href":"https:\/\/www.kibrishost.com\/tak\/wp-json\/wp\/v2\/tags?post=150437"}],"curies":[{"name":"wp","href":"https:\/\/api.w.org\/{rel}","templated":true}]}}