{"id":150429,"date":"2026-08-31T08:40:11","date_gmt":"2026-08-31T05:40:11","guid":{"rendered":"https:\/\/www.kibrishost.com\/tak\/iran-basini-abdnin-saldirisinin-ardindan-denizdeki-hedeflere-atislar-yapildigini-duyurdu\/"},"modified":"2026-08-31T08:40:11","modified_gmt":"2026-08-31T05:40:11","slug":"iran-basini-abdnin-saldirisinin-ardindan-denizdeki-hedeflere-atislar-yapildigini-duyurdu","status":"publish","type":"post","link":"https:\/\/www.kibrishost.com\/tak\/iran-basini-abdnin-saldirisinin-ardindan-denizdeki-hedeflere-atislar-yapildigini-duyurdu\/","title":{"rendered":"\u0130ran bas\u0131n\u0131, ABD&#8217;nin sald\u0131r\u0131s\u0131n\u0131n ard\u0131ndan denizdeki hedeflere at\u0131\u015flar yap\u0131ld\u0131\u011f\u0131n\u0131 duyurdu"},"content":{"rendered":"<p>\u0130ran&#8217;\u0131n, ABD&#8217;nin H\u00fcrm\u00fcz Bo\u011faz\u0131 yak\u0131nlar\u0131ndaki Lark Adas\u0131&#8217;na d\u00fczenledi\u011fi ve sivillerin de hayat\u0131n\u0131 kaybetti\u011fi sald\u0131r\u0131n\u0131n ard\u0131ndan denizdeki hedeflere y\u00f6nelik sald\u0131r\u0131lar ger\u00e7ekle\u015ftirdi\u011fi bildirildi.<\/p>\n<p>\u0130ran devlet televizyonu, ABD&#8217;nin Lark Adas\u0131&#8217;na iki kez sald\u0131r\u0131 ger\u00e7ekle\u015ftirdi\u011fini duyurdu.<\/p>\n<p>Devlet televizyonunun b\u00f6lgedeki muhabiri, sald\u0131r\u0131lar\u0131n ard\u0131ndan H\u00fcrm\u00fcz Bo\u011faz\u0131 yak\u0131nlar\u0131ndaki Sirik kentinden de patlama sesleri geldi\u011fini ve seslerin \u0130ran taraf\u0131ndan H\u00fcrm\u00fcz Bo\u011faz\u0131 taraf\u0131na at\u0131\u015flardan kaynakland\u0131\u011f\u0131n\u0131 aktard\u0131.<\/p>\n<p>Di\u011fer yandan devlet televizyonuna ba\u011fl\u0131 \u0130ngilizce yay\u0131n yapan Press TV de \u0130ran&#8217;\u0131n H\u00fcrm\u00fcz Bo\u011faz\u0131&#8217;nda ABD gemilerine f\u00fcze ate\u015fledi\u011fi y\u00f6n\u00fcnde bilgilerin oldu\u011funu duyurdu.<\/p><\/p>\n","protected":false},"excerpt":{"rendered":"<p>\u0130ran&#8217;\u0131n, ABD&#8217;nin H\u00fcrm\u00fcz Bo\u011faz\u0131 yak\u0131nlar\u0131ndaki Lark Adas\u0131&#8217;na d\u00fczenledi\u011fi ve sivillerin de hayat\u0131n\u0131 kaybetti\u011fi sald\u0131r\u0131n\u0131n ard\u0131ndan denizdeki hedeflere y\u00f6nelik sald\u0131r\u0131lar ger\u00e7ekle\u015ftirdi\u011fi bildirildi. \u0130ran devlet televizyonu, ABD&#8217;nin Lark Adas\u0131&#8217;na iki kez sald\u0131r\u0131 ger\u00e7ekle\u015ftirdi\u011fini duyurdu. Devlet televizyonunun b\u00f6lgedeki muhabiri, sald\u0131r\u0131lar\u0131n ard\u0131ndan H\u00fcrm\u00fcz Bo\u011faz\u0131 yak\u0131nlar\u0131ndaki Sirik kentinden de patlama sesleri geldi\u011fini ve seslerin \u0130ran taraf\u0131ndan H\u00fcrm\u00fcz Bo\u011faz\u0131 taraf\u0131na at\u0131\u015flardan &hellip;<\/p>\n","protected":false},"author":1,"featured_media":150430,"comment_status":"open","ping_status":"open","sticky":false,"template":"","format":"standard","meta":{"footnotes":""},"categories":[4],"tags":[7269,1105,1411,23365,24418,795,6455,1690,3054,10769],"class_list":["post-150429","post","type-post","status-publish","format-standard","has-post-thumbnail","hentry","category-dunya","tag-basini","tag-abdnin","tag-ardindan","tag-atislar","tag-denizdeki","tag-duyurdu","tag-hedeflere","tag-iran","tag-saldirisinin","tag-yapildigini"],"_links":{"self":[{"href":"https:\/\/www.kibrishost.com\/tak\/wp-json\/wp\/v2\/posts\/150429"}],"collection":[{"href":"https:\/\/www.kibrishost.com\/tak\/wp-json\/wp\/v2\/posts"}],"about":[{"href":"https:\/\/www.kibrishost.com\/tak\/wp-json\/wp\/v2\/types\/post"}],"author":[{"embeddable":true,"href":"https:\/\/www.kibrishost.com\/tak\/wp-json\/wp\/v2\/users\/1"}],"replies":[{"embeddable":true,"href":"https:\/\/www.kibrishost.com\/tak\/wp-json\/wp\/v2\/comments?post=150429"}],"version-history":[{"count":0,"href":"https:\/\/www.kibrishost.com\/tak\/wp-json\/wp\/v2\/posts\/150429\/revisions"}],"wp:featuredmedia":[{"embeddable":true,"href":"https:\/\/www.kibrishost.com\/tak\/wp-json\/wp\/v2\/media\/150430"}],"wp:attachment":[{"href":"https:\/\/www.kibrishost.com\/tak\/wp-json\/wp\/v2\/media?parent=150429"}],"wp:term":[{"taxonomy":"category","embeddable":true,"href":"https:\/\/www.kibrishost.com\/tak\/wp-json\/wp\/v2\/categories?post=150429"},{"taxonomy":"post_tag","embeddable":true,"href":"https:\/\/www.kibrishost.com\/tak\/wp-json\/wp\/v2\/tags?post=150429"}],"curies":[{"name":"wp","href":"https:\/\/api.w.org\/{rel}","templated":true}]}}