{"id":150427,"date":"2026-08-31T08:10:30","date_gmt":"2026-08-31T05:10:30","guid":{"rendered":"https:\/\/www.kibrishost.com\/tak\/turkiye-cumhuriyeti-disisleri-bakanligindan-kktcde-alabora-olan-gemide-hayatini-kaybedenler-icin-taziye-mesaji\/"},"modified":"2026-08-31T08:10:30","modified_gmt":"2026-08-31T05:10:30","slug":"turkiye-cumhuriyeti-disisleri-bakanligindan-kktcde-alabora-olan-gemide-hayatini-kaybedenler-icin-taziye-mesaji","status":"publish","type":"post","link":"https:\/\/www.kibrishost.com\/tak\/turkiye-cumhuriyeti-disisleri-bakanligindan-kktcde-alabora-olan-gemide-hayatini-kaybedenler-icin-taziye-mesaji\/","title":{"rendered":"T\u00fcrkiye Cumhuriyeti D\u0131\u015fi\u015fleri Bakanl\u0131\u011f\u0131ndan, KKTC&#8217;de alabora olan gemide hayat\u0131n\u0131 kaybedenler i\u00e7in taziye mesaj\u0131"},"content":{"rendered":"<p>T\u00fcrkiye D\u0131\u015fi\u015fleri Bakanl\u0131\u011f\u0131, Kuzey K\u0131br\u0131s T\u00fcrk Cumhuriyeti&#8217;nin (KKTC) Girne Liman\u0131&#8217;ndan Mersin&#8217;deki Ta\u015fucu Liman\u0131&#8217;na gitmek \u00fczere hareket eden yolcu gemisinin alabora olmas\u0131 sonucu ya\u015fanan can kay\u0131plar\u0131ndan derin \u00fcz\u00fcnt\u00fc duyuldu\u011funu bildirdi.<\/p>\n<p>Bakanl\u0131ktan, yolcu gemisinin Girne a\u00e7\u0131klar\u0131nda alabora olmas\u0131na ili\u015fkin yaz\u0131l\u0131 a\u00e7\u0131klama yap\u0131ld\u0131.<\/p>\n<p>A\u00e7\u0131klamada, &#8220;Bug\u00fcn KKTC&#8217;nin Girne Liman\u0131&#8217;ndan Mersin Ta\u015fucu&#8217;na gitmek \u00fczere hareket eden bir yolcu gemisinin alabora olmas\u0131 sonucu meydana gelen kazada ya\u015fanan can kay\u0131plar\u0131ndan derin \u00fcz\u00fcnt\u00fc duyuyoruz. Kazada hayat\u0131n\u0131 kaybedenlere Allah&#8217;tan rahmet diliyor, yak\u0131nlar\u0131na, milletimize ve KKTC halk\u0131na taziyelerimizi sunuyoruz.&#8221; ifadeleri kullan\u0131ld\u0131.<\/p>\n<p>KKTC makamlar\u0131 taraf\u0131ndan s\u00fcrd\u00fcr\u00fclen yo\u011fun arama kurtarma \u00e7al\u0131\u015fmalar\u0131na T\u00fcrkiye taraf\u0131ndan tam destek verildi\u011fi belirtilen a\u00e7\u0131klamada, T\u00fcrkiye&#8217;den iki helikopter, iki bot ve bir dal\u0131\u015f timi ile Deniz Kuvvetleri Komutanl\u0131\u011f\u0131n\u0131n iki gemisinin arama kurtarma faaliyetlerine dahil oldu\u011fu aktar\u0131ld\u0131.<\/p>\n<p>A\u00e7\u0131klamada, daha fazla can kayb\u0131n\u0131n \u00f6nlenmesi ve kay\u0131p ki\u015filere ula\u015f\u0131lmas\u0131 amac\u0131yla y\u00fcr\u00fct\u00fclen \u00e7al\u0131\u015fmalar\u0131n KKTC makamlar\u0131yla yak\u0131n e\u015f g\u00fcd\u00fcm ve i\u015fbirli\u011fi halinde devam etti\u011fi kaydedildi.<\/p><\/p>\n","protected":false},"excerpt":{"rendered":"<p>T\u00fcrkiye D\u0131\u015fi\u015fleri Bakanl\u0131\u011f\u0131, Kuzey K\u0131br\u0131s T\u00fcrk Cumhuriyeti&#8217;nin (KKTC) Girne Liman\u0131&#8217;ndan Mersin&#8217;deki Ta\u015fucu Liman\u0131&#8217;na gitmek \u00fczere hareket eden yolcu gemisinin alabora olmas\u0131 sonucu ya\u015fanan can kay\u0131plar\u0131ndan derin \u00fcz\u00fcnt\u00fc duyuldu\u011funu bildirdi. Bakanl\u0131ktan, yolcu gemisinin Girne a\u00e7\u0131klar\u0131nda alabora olmas\u0131na ili\u015fkin yaz\u0131l\u0131 a\u00e7\u0131klama yap\u0131ld\u0131. A\u00e7\u0131klamada, &#8220;Bug\u00fcn KKTC&#8217;nin Girne Liman\u0131&#8217;ndan Mersin Ta\u015fucu&#8217;na gitmek \u00fczere hareket eden bir yolcu gemisinin alabora &hellip;<\/p>\n","protected":false},"author":1,"featured_media":150428,"comment_status":"open","ping_status":"open","sticky":false,"template":"","format":"standard","meta":{"footnotes":""},"categories":[3],"tags":[3566,366,1942,1019,3705,676,116,966,3078,2548,2255,3700,6],"class_list":["post-150427","post","type-post","status-publish","format-standard","has-post-thumbnail","hentry","category-turkiye","tag-alabora","tag-bakanligindan","tag-cumhuriyeti","tag-disisleri","tag-gemide","tag-hayatini","tag-icin","tag-kaybedenler","tag-kktcde","tag-mesaji","tag-olan","tag-taziye","tag-turkiye"],"_links":{"self":[{"href":"https:\/\/www.kibrishost.com\/tak\/wp-json\/wp\/v2\/posts\/150427"}],"collection":[{"href":"https:\/\/www.kibrishost.com\/tak\/wp-json\/wp\/v2\/posts"}],"about":[{"href":"https:\/\/www.kibrishost.com\/tak\/wp-json\/wp\/v2\/types\/post"}],"author":[{"embeddable":true,"href":"https:\/\/www.kibrishost.com\/tak\/wp-json\/wp\/v2\/users\/1"}],"replies":[{"embeddable":true,"href":"https:\/\/www.kibrishost.com\/tak\/wp-json\/wp\/v2\/comments?post=150427"}],"version-history":[{"count":0,"href":"https:\/\/www.kibrishost.com\/tak\/wp-json\/wp\/v2\/posts\/150427\/revisions"}],"wp:featuredmedia":[{"embeddable":true,"href":"https:\/\/www.kibrishost.com\/tak\/wp-json\/wp\/v2\/media\/150428"}],"wp:attachment":[{"href":"https:\/\/www.kibrishost.com\/tak\/wp-json\/wp\/v2\/media?parent=150427"}],"wp:term":[{"taxonomy":"category","embeddable":true,"href":"https:\/\/www.kibrishost.com\/tak\/wp-json\/wp\/v2\/categories?post=150427"},{"taxonomy":"post_tag","embeddable":true,"href":"https:\/\/www.kibrishost.com\/tak\/wp-json\/wp\/v2\/tags?post=150427"}],"curies":[{"name":"wp","href":"https:\/\/api.w.org\/{rel}","templated":true}]}}