{"id":150425,"date":"2026-08-31T08:10:19","date_gmt":"2026-08-31T05:10:19","guid":{"rendered":"https:\/\/www.kibrishost.com\/tak\/bayindirlik-ve-ulastirma-bakani-arikli-alabora-olan-gemiyle-ilgili-iddialarin-arastirilacagini-soyledi\/"},"modified":"2026-08-31T08:10:19","modified_gmt":"2026-08-31T05:10:19","slug":"bayindirlik-ve-ulastirma-bakani-arikli-alabora-olan-gemiyle-ilgili-iddialarin-arastirilacagini-soyledi","status":"publish","type":"post","link":"https:\/\/www.kibrishost.com\/tak\/bayindirlik-ve-ulastirma-bakani-arikli-alabora-olan-gemiyle-ilgili-iddialarin-arastirilacagini-soyledi\/","title":{"rendered":"Bay\u0131nd\u0131rl\u0131k ve Ula\u015ft\u0131rma Bakan\u0131 Ar\u0131kl\u0131, alabora olan gemiyle ilgili iddialar\u0131n ara\u015ft\u0131r\u0131laca\u011f\u0131n\u0131 s\u00f6yledi"},"content":{"rendered":"<p>Bay\u0131nd\u0131rl\u0131k ve Ula\u015ft\u0131rma Bakan\u0131 Erhan Ar\u0131kl\u0131, Girne a\u00e7\u0131klar\u0131nda yolcu gemisinin alabora olmas\u0131 sonucu 8 ki\u015finin hayat\u0131n\u0131 kaybetti\u011fi kaza hakk\u0131nda yolcular taraf\u0131ndan dile getirilen iddialar\u0131n incelenece\u011fini ifade etti.<\/p>\n<p>Bakan Ar\u0131kl\u0131, AA muhabirine yapt\u0131\u011f\u0131 a\u00e7\u0131klamada, Girne Liman\u0131 a\u00e7\u0131klar\u0131nda alabora olan gemiyle ilgili yolcular\u0131n t\u00fcm iddialar\u0131n\u0131n ara\u015ft\u0131r\u0131laca\u011f\u0131n\u0131 s\u00f6yledi.<\/p>\n<p>Ar\u0131kl\u0131, kap\u0131lar\u0131n yolcular\u0131n \u00fczerine kilitlendi\u011fi ve kaptan\u0131n gemiden ka\u00e7t\u0131\u011f\u0131 y\u00f6n\u00fcndeki su\u00e7lamalar\u0131 en ince ayr\u0131nt\u0131s\u0131na kadar inceleyeceklerini vurgulad\u0131.<\/p>\n<p>Bay\u0131nd\u0131rl\u0131k ve Ula\u015ft\u0131rma Bakanl\u0131\u011f\u0131n\u0131n, Polis Genel M\u00fcd\u00fcrl\u00fc\u011f\u00fcnden ayr\u0131 bir soru\u015fturma ba\u015flataca\u011f\u0131n\u0131 belirten Ar\u0131kl\u0131, geminin evraklar\u0131, yeterlili\u011fi, liman izinleri ve g\u00fcvenlik tedbirleri ile ilgili soru\u015fturman\u0131n sonucunu kamuoyuna duyuracaklar\u0131n\u0131 anlatt\u0131.<\/p>\n<p>Ar\u0131kl\u0131, geminin kaptan\u0131 ile 7 m\u00fcrettebat\u0131n g\u00f6zalt\u0131nda oldu\u011fu bilgisini payla\u015ft\u0131.<\/p>\n<p>Kurtar\u0131lan yolcular, geminin limandan ayr\u0131lmas\u0131ndan k\u0131sa s\u00fcre sonra su almaya ba\u015flad\u0131\u011f\u0131 ve gemideki g\u00f6revlileri uyarmalar\u0131na ra\u011fmen dikkate al\u0131nmad\u0131klar\u0131 y\u00f6n\u00fcnde s\u00f6ylemlerde bulunmu\u015ftu.<\/p><\/p>\n","protected":false},"excerpt":{"rendered":"<p>Bay\u0131nd\u0131rl\u0131k ve Ula\u015ft\u0131rma Bakan\u0131 Erhan Ar\u0131kl\u0131, Girne a\u00e7\u0131klar\u0131nda yolcu gemisinin alabora olmas\u0131 sonucu 8 ki\u015finin hayat\u0131n\u0131 kaybetti\u011fi kaza hakk\u0131nda yolcular taraf\u0131ndan dile getirilen iddialar\u0131n incelenece\u011fini ifade etti. Bakan Ar\u0131kl\u0131, AA muhabirine yapt\u0131\u011f\u0131 a\u00e7\u0131klamada, Girne Liman\u0131 a\u00e7\u0131klar\u0131nda alabora olan gemiyle ilgili yolcular\u0131n t\u00fcm iddialar\u0131n\u0131n ara\u015ft\u0131r\u0131laca\u011f\u0131n\u0131 s\u00f6yledi. Ar\u0131kl\u0131, kap\u0131lar\u0131n yolcular\u0131n \u00fczerine kilitlendi\u011fi ve kaptan\u0131n gemiden ka\u00e7t\u0131\u011f\u0131 y\u00f6n\u00fcndeki &hellip;<\/p>\n","protected":false},"author":1,"featured_media":150426,"comment_status":"open","ping_status":"open","sticky":false,"template":"","format":"standard","meta":{"footnotes":""},"categories":[2],"tags":[3566,48625,358,314,4815,29015,22736,2322,2255,841,4659],"class_list":["post-150425","post","type-post","status-publish","format-standard","has-post-thumbnail","hentry","category-kibris","tag-alabora","tag-arastirilacagini","tag-arikli","tag-bakani","tag-bayindirlik","tag-gemiyle","tag-iddialarin","tag-ilgili","tag-olan","tag-soyledi","tag-ulastirma"],"_links":{"self":[{"href":"https:\/\/www.kibrishost.com\/tak\/wp-json\/wp\/v2\/posts\/150425"}],"collection":[{"href":"https:\/\/www.kibrishost.com\/tak\/wp-json\/wp\/v2\/posts"}],"about":[{"href":"https:\/\/www.kibrishost.com\/tak\/wp-json\/wp\/v2\/types\/post"}],"author":[{"embeddable":true,"href":"https:\/\/www.kibrishost.com\/tak\/wp-json\/wp\/v2\/users\/1"}],"replies":[{"embeddable":true,"href":"https:\/\/www.kibrishost.com\/tak\/wp-json\/wp\/v2\/comments?post=150425"}],"version-history":[{"count":0,"href":"https:\/\/www.kibrishost.com\/tak\/wp-json\/wp\/v2\/posts\/150425\/revisions"}],"wp:featuredmedia":[{"embeddable":true,"href":"https:\/\/www.kibrishost.com\/tak\/wp-json\/wp\/v2\/media\/150426"}],"wp:attachment":[{"href":"https:\/\/www.kibrishost.com\/tak\/wp-json\/wp\/v2\/media?parent=150425"}],"wp:term":[{"taxonomy":"category","embeddable":true,"href":"https:\/\/www.kibrishost.com\/tak\/wp-json\/wp\/v2\/categories?post=150425"},{"taxonomy":"post_tag","embeddable":true,"href":"https:\/\/www.kibrishost.com\/tak\/wp-json\/wp\/v2\/tags?post=150425"}],"curies":[{"name":"wp","href":"https:\/\/api.w.org\/{rel}","templated":true}]}}