{"id":150423,"date":"2026-08-31T04:40:20","date_gmt":"2026-08-31T01:40:20","guid":{"rendered":"https:\/\/www.kibrishost.com\/tak\/dincyurek-girnedeki-gemi-kazasinda-yaralananlar-peyderpey-taburcu-ediliyor\/"},"modified":"2026-08-31T04:40:20","modified_gmt":"2026-08-31T01:40:20","slug":"dincyurek-girnedeki-gemi-kazasinda-yaralananlar-peyderpey-taburcu-ediliyor","status":"publish","type":"post","link":"https:\/\/www.kibrishost.com\/tak\/dincyurek-girnedeki-gemi-kazasinda-yaralananlar-peyderpey-taburcu-ediliyor\/","title":{"rendered":"Din\u00e7y\u00fcrek: \u201cGirne\u2019deki gemi kazas\u0131nda yaralananlar peyderpey taburcu ediliyor\u201d"},"content":{"rendered":"<p>Sa\u011fl\u0131k Bakan\u0131 Hakan Din\u00e7y\u00fcrek, sabaha kar\u015f\u0131 Lefko\u015fa Dr. Burhan Nalbanto\u011flu Devlet Hastanesi\u2019ni ziyaret ederek Girne\u2019deki gemi kazas\u0131nda yaralananlar\u0131n son durumu hakk\u0131nda bilgi verdi.<\/p>\n<p>Olay\u0131n ilk an\u0131ndan itibaren gerekli t\u00fcm tedbirleri ald\u0131klar\u0131n\u0131 ve sa\u011fl\u0131k hizmetlerinin aksamamas\u0131 i\u00e7in yaral\u0131lar\u0131 belirli merkezlerde toplad\u0131klar\u0131n\u0131 belirten Din\u00e7y\u00fcrek, tedavisi tamamlanan hastalar\u0131n peyderpey taburcu edildi\u011fini s\u00f6yledi. <\/p>\n<p>Bakan Din\u00e7y\u00fcrek, hastanelerde yatarak tedavi g\u00f6ren hasta say\u0131s\u0131n\u0131n ilk saatlere k\u0131yasla \u00f6nemli \u00f6l\u00e7\u00fcde azald\u0131\u011f\u0131n\u0131 da s\u00f6zlerine ekledi.<\/p>\n<\/p>\n<p>\u00a0<\/p><\/p>\n","protected":false},"excerpt":{"rendered":"<p>Sa\u011fl\u0131k Bakan\u0131 Hakan Din\u00e7y\u00fcrek, sabaha kar\u015f\u0131 Lefko\u015fa Dr. Burhan Nalbanto\u011flu Devlet Hastanesi\u2019ni ziyaret ederek Girne\u2019deki gemi kazas\u0131nda yaralananlar\u0131n son durumu hakk\u0131nda bilgi verdi. Olay\u0131n ilk an\u0131ndan itibaren gerekli t\u00fcm tedbirleri ald\u0131klar\u0131n\u0131 ve sa\u011fl\u0131k hizmetlerinin aksamamas\u0131 i\u00e7in yaral\u0131lar\u0131 belirli merkezlerde toplad\u0131klar\u0131n\u0131 belirten Din\u00e7y\u00fcrek, tedavisi tamamlanan hastalar\u0131n peyderpey taburcu edildi\u011fini s\u00f6yledi. Bakan Din\u00e7y\u00fcrek, hastanelerde yatarak tedavi g\u00f6ren &hellip;<\/p>\n","protected":false},"author":1,"featured_media":150424,"comment_status":"open","ping_status":"open","sticky":false,"template":"","format":"standard","meta":{"footnotes":""},"categories":[2],"tags":[138,994,16445,5299,1972,15742,2503,11177],"class_list":["post-150423","post","type-post","status-publish","format-standard","has-post-thumbnail","hentry","category-kibris","tag-dincyurek","tag-ediliyor","tag-gemi","tag-girnedeki","tag-kazasinda","tag-peyderpey","tag-taburcu","tag-yaralananlar"],"_links":{"self":[{"href":"https:\/\/www.kibrishost.com\/tak\/wp-json\/wp\/v2\/posts\/150423"}],"collection":[{"href":"https:\/\/www.kibrishost.com\/tak\/wp-json\/wp\/v2\/posts"}],"about":[{"href":"https:\/\/www.kibrishost.com\/tak\/wp-json\/wp\/v2\/types\/post"}],"author":[{"embeddable":true,"href":"https:\/\/www.kibrishost.com\/tak\/wp-json\/wp\/v2\/users\/1"}],"replies":[{"embeddable":true,"href":"https:\/\/www.kibrishost.com\/tak\/wp-json\/wp\/v2\/comments?post=150423"}],"version-history":[{"count":0,"href":"https:\/\/www.kibrishost.com\/tak\/wp-json\/wp\/v2\/posts\/150423\/revisions"}],"wp:featuredmedia":[{"embeddable":true,"href":"https:\/\/www.kibrishost.com\/tak\/wp-json\/wp\/v2\/media\/150424"}],"wp:attachment":[{"href":"https:\/\/www.kibrishost.com\/tak\/wp-json\/wp\/v2\/media?parent=150423"}],"wp:term":[{"taxonomy":"category","embeddable":true,"href":"https:\/\/www.kibrishost.com\/tak\/wp-json\/wp\/v2\/categories?post=150423"},{"taxonomy":"post_tag","embeddable":true,"href":"https:\/\/www.kibrishost.com\/tak\/wp-json\/wp\/v2\/tags?post=150423"}],"curies":[{"name":"wp","href":"https:\/\/api.w.org\/{rel}","templated":true}]}}