{"id":150421,"date":"2026-08-30T22:40:20","date_gmt":"2026-08-30T19:40:20","guid":{"rendered":"https:\/\/www.kibrishost.com\/tak\/erdogan-sorumlulardan-hesap-sorulmasi-icin-kktc-makamlariyla-isbirligi-icinde-gerekli-adimlarin-atilmasini-saglayacagiz\/"},"modified":"2026-08-30T22:40:20","modified_gmt":"2026-08-30T19:40:20","slug":"erdogan-sorumlulardan-hesap-sorulmasi-icin-kktc-makamlariyla-isbirligi-icinde-gerekli-adimlarin-atilmasini-saglayacagiz","status":"publish","type":"post","link":"https:\/\/www.kibrishost.com\/tak\/erdogan-sorumlulardan-hesap-sorulmasi-icin-kktc-makamlariyla-isbirligi-icinde-gerekli-adimlarin-atilmasini-saglayacagiz\/","title":{"rendered":"Erdo\u011fan: Sorumlulardan hesap sorulmas\u0131 i\u00e7in KKTC makamlar\u0131yla i\u015fbirli\u011fi i\u00e7inde gerekli ad\u0131mlar\u0131n at\u0131lmas\u0131n\u0131 sa\u011flayaca\u011f\u0131z"},"content":{"rendered":"<p>T\u00fcrkiye Cumhurba\u015fkan\u0131 Recep Tayyip Erdo\u011fan, Girne a\u00e7\u0131klar\u0131ndaki gemi kazas\u0131n\u0131n nedenlerinin tespiti, sorumlulardan hesap sorulmas\u0131 i\u00e7in KKTC&#8217;yle i\u015fbirli\u011fi i\u00e7inde ad\u0131mlar\u0131n at\u0131lmas\u0131n\u0131 sa\u011flayacaklar\u0131n\u0131 s\u00f6yledi.<\/p>\n<p>Cumhurba\u015fkan\u0131 Erdo\u011fan, Be\u015ftepe Millet Kongre ve K\u00fclt\u00fcr Merkezi&#8217;nde d\u00fczenlenen 30 A\u011fustos Zafer Bayram\u0131 \u00d6zel Program\u0131&#8217;nda konu\u015ftu.<\/p>\n<p>Girne&#8217;den (KKTC&#8217;de alabora olan gemi) herkesi derinden \u00fczen bir kaza haberi ald\u0131klar\u0131n\u0131 an\u0131msatan Erdo\u011fan, kazada ya\u015fam\u0131n\u0131 yitirenlere Allah&#8217;tan rahmet, ailelerine sab\u0131r diledi.<\/p>\n<p>Kazadan kurtulanlara ge\u00e7mi\u015f olsun dileklerini ileten Erdo\u011fan, &#8220;Kazan\u0131n nedenlerinin tespiti ve ihmali olan varsa sorumlulardan hesap sorulmas\u0131 i\u00e7in Kuzey K\u0131br\u0131s T\u00fcrk Cumhuriyeti makamlar\u0131yla i\u015fbirli\u011fi i\u00e7inde gerekli ad\u0131mlar\u0131n at\u0131lmas\u0131n\u0131 sa\u011flayaca\u011f\u0131z. Rabb&#8217;im milletimizi ve K\u0131br\u0131s T\u00fcrk\u00fc karde\u015flerimizi her t\u00fcrl\u00fc kazadan, beladan muhafaza eylesin diyorum.&#8221; ifadelerini kulland\u0131.<\/p><\/p>\n","protected":false},"excerpt":{"rendered":"<p>T\u00fcrkiye Cumhurba\u015fkan\u0131 Recep Tayyip Erdo\u011fan, Girne a\u00e7\u0131klar\u0131ndaki gemi kazas\u0131n\u0131n nedenlerinin tespiti, sorumlulardan hesap sorulmas\u0131 i\u00e7in KKTC&#8217;yle i\u015fbirli\u011fi i\u00e7inde ad\u0131mlar\u0131n at\u0131lmas\u0131n\u0131 sa\u011flayacaklar\u0131n\u0131 s\u00f6yledi. Cumhurba\u015fkan\u0131 Erdo\u011fan, Be\u015ftepe Millet Kongre ve K\u00fclt\u00fcr Merkezi&#8217;nde d\u00fczenlenen 30 A\u011fustos Zafer Bayram\u0131 \u00d6zel Program\u0131&#8217;nda konu\u015ftu. Girne&#8217;den (KKTC&#8217;de alabora olan gemi) herkesi derinden \u00fczen bir kaza haberi ald\u0131klar\u0131n\u0131 an\u0131msatan Erdo\u011fan, kazada ya\u015fam\u0131n\u0131 yitirenlere &hellip;<\/p>\n","protected":false},"author":1,"featured_media":150422,"comment_status":"open","ping_status":"open","sticky":false,"template":"","format":"standard","meta":{"footnotes":""},"categories":[2],"tags":[16521,34972,2248,2386,836,116,1685,932,344,2744,25511,15489,48624],"class_list":["post-150421","post","type-post","status-publish","format-standard","has-post-thumbnail","hentry","category-kibris","tag-adimlarin","tag-atilmasini","tag-erdogan","tag-gerekli","tag-hesap","tag-icin","tag-icinde","tag-isbirligi","tag-kktc","tag-makamlariyla","tag-saglayacagiz","tag-sorulmasi","tag-sorumlulardan"],"_links":{"self":[{"href":"https:\/\/www.kibrishost.com\/tak\/wp-json\/wp\/v2\/posts\/150421"}],"collection":[{"href":"https:\/\/www.kibrishost.com\/tak\/wp-json\/wp\/v2\/posts"}],"about":[{"href":"https:\/\/www.kibrishost.com\/tak\/wp-json\/wp\/v2\/types\/post"}],"author":[{"embeddable":true,"href":"https:\/\/www.kibrishost.com\/tak\/wp-json\/wp\/v2\/users\/1"}],"replies":[{"embeddable":true,"href":"https:\/\/www.kibrishost.com\/tak\/wp-json\/wp\/v2\/comments?post=150421"}],"version-history":[{"count":0,"href":"https:\/\/www.kibrishost.com\/tak\/wp-json\/wp\/v2\/posts\/150421\/revisions"}],"wp:featuredmedia":[{"embeddable":true,"href":"https:\/\/www.kibrishost.com\/tak\/wp-json\/wp\/v2\/media\/150422"}],"wp:attachment":[{"href":"https:\/\/www.kibrishost.com\/tak\/wp-json\/wp\/v2\/media?parent=150421"}],"wp:term":[{"taxonomy":"category","embeddable":true,"href":"https:\/\/www.kibrishost.com\/tak\/wp-json\/wp\/v2\/categories?post=150421"},{"taxonomy":"post_tag","embeddable":true,"href":"https:\/\/www.kibrishost.com\/tak\/wp-json\/wp\/v2\/tags?post=150421"}],"curies":[{"name":"wp","href":"https:\/\/api.w.org\/{rel}","templated":true}]}}