{"id":150419,"date":"2026-08-30T22:30:21","date_gmt":"2026-08-30T19:30:21","guid":{"rendered":"https:\/\/www.kibrishost.com\/tak\/basin-sen-basin-faciayi-degil-gercegi-haberlestirmelidir\/"},"modified":"2026-08-30T22:30:21","modified_gmt":"2026-08-30T19:30:21","slug":"basin-sen-basin-faciayi-degil-gercegi-haberlestirmelidir","status":"publish","type":"post","link":"https:\/\/www.kibrishost.com\/tak\/basin-sen-basin-faciayi-degil-gercegi-haberlestirmelidir\/","title":{"rendered":"Bas\u0131n-Sen: Bas\u0131n faciay\u0131 de\u011fil, ger\u00e7e\u011fi haberle\u015ftirmelidir"},"content":{"rendered":"<p>Bas\u0131n Emek\u00e7ileri Sendikas\u0131 (Bas\u0131n-Sen), Girne a\u00e7\u0131klar\u0131nda ya\u015fanan gemi facias\u0131n\u0131n ard\u0131ndan t\u00fcm medya kurulu\u015flar\u0131n\u0131 ve bas\u0131n emek\u00e7ilerini meslek eti\u011fine ve insan onuruna azami \u00f6zen g\u00f6stermeye \u00e7a\u011f\u0131rd\u0131.<\/p>\n<p>Yap\u0131lan yaz\u0131l\u0131 a\u00e7\u0131klamada \u201cHayat\u0131n\u0131 kaybedenlerin, yaral\u0131lar\u0131n, kurtar\u0131lanlar\u0131n ve yak\u0131nlar\u0131n\u0131n ac\u0131lar\u0131, t\u0131klanma, izlenme ve reyting u\u011fruna te\u015fhir edilemez. Teyit edilmemi\u015f can kayb\u0131 ve kay\u0131p ki\u015fi say\u0131lar\u0131, kayna\u011f\u0131 belirsiz iddialar, mahremiyet ihlali i\u00e7eren g\u00f6r\u00fcnt\u00fcler ve sosyal medyadan do\u011frulanmadan al\u0131nan bilgiler haber ad\u0131 alt\u0131nda dola\u015f\u0131ma sokulmamal\u0131d\u0131r. Gazetecilik, en \u00e7arp\u0131c\u0131 g\u00f6r\u00fcnt\u00fcy\u00fc bulmak de\u011fil, en do\u011fru bilgiyi teyit ederek kamuoyuna aktarmakt\u0131r\u201d denildi.<\/p>\n<p>Etik gazetecili\u011fin, sorular sormaktan ve sorumluluklar\u0131 ara\u015ft\u0131rmaktan geri durmak anlam\u0131na da gelmeyece\u011fini belirten Bas\u0131n-Sen, geminin hangi ko\u015fullarda sefere \u00e7\u0131kt\u0131\u011f\u0131, denetimlerin yap\u0131l\u0131p yap\u0131lmad\u0131\u011f\u0131, g\u00fcvenlik \u00f6nlemlerinin al\u0131n\u0131p al\u0131nmad\u0131\u011f\u0131 ve olas\u0131 ihmallerin bulunup bulunmad\u0131\u011f\u0131n\u0131n kamu yarar\u0131 ad\u0131na ara\u015ft\u0131r\u0131lmas\u0131 gerekti\u011fini kaydetti. <\/p>\n<p>A\u00e7\u0131klama \u015f\u00f6yle devam etti:<\/p>\n<p>\u201c\u0130nsanlar\u0131n hayat\u0131na mal olabilecek ihmaller \u2018kaza\u2019 denilerek ge\u00e7i\u015ftirilemez. Bas\u0131n kurulu\u015flar\u0131na \u00e7a\u011fr\u0131m\u0131z nettir: Ac\u0131y\u0131 te\u015fhir etmeyin, sorumlulu\u011fu ara\u015ft\u0131r\u0131n, sansasyonun de\u011fil ger\u00e7e\u011fin pe\u015finden gidin. Bas\u0131n, felaketin seyircisi de\u011fil, ger\u00e7e\u011fin ortaya \u00e7\u0131kar\u0131lmas\u0131n\u0131n ve kamuoyunun do\u011fru bilgilendirilmesinin g\u00fcvencesidir. Girne a\u00e7\u0131klar\u0131nda meydana gelen feribot facias\u0131, tarihimize kelimelerle anlat\u0131lamayacak bir ac\u0131 b\u0131rakm\u0131\u015ft\u0131r. Hayat\u0131n\u0131 kaybeden insanlar\u0131n ac\u0131s\u0131n\u0131 y\u00fcre\u011fimizde ta\u015f\u0131rken, h\u00e2l\u00e2 kay\u0131p insanlar\u0131n olmas\u0131 ac\u0131m\u0131z\u0131 katlayarak b\u00fcy\u00fctmektedir. Bu ac\u0131n\u0131n tarifi olmad\u0131\u011f\u0131 gibi izah\u0131 da olmad\u0131\u011f\u0131na inan\u0131yoruz ve t\u00fcm sorumlular\u0131n hesap vermesini istiyoruz.\u201d<\/p><\/p>\n","protected":false},"excerpt":{"rendered":"<p>Bas\u0131n Emek\u00e7ileri Sendikas\u0131 (Bas\u0131n-Sen), Girne a\u00e7\u0131klar\u0131nda ya\u015fanan gemi facias\u0131n\u0131n ard\u0131ndan t\u00fcm medya kurulu\u015flar\u0131n\u0131 ve bas\u0131n emek\u00e7ilerini meslek eti\u011fine ve insan onuruna azami \u00f6zen g\u00f6stermeye \u00e7a\u011f\u0131rd\u0131. Yap\u0131lan yaz\u0131l\u0131 a\u00e7\u0131klamada \u201cHayat\u0131n\u0131 kaybedenlerin, yaral\u0131lar\u0131n, kurtar\u0131lanlar\u0131n ve yak\u0131nlar\u0131n\u0131n ac\u0131lar\u0131, t\u0131klanma, izlenme ve reyting u\u011fruna te\u015fhir edilemez. Teyit edilmemi\u015f can kayb\u0131 ve kay\u0131p ki\u015fi say\u0131lar\u0131, kayna\u011f\u0131 belirsiz iddialar, mahremiyet ihlali &hellip;<\/p>\n","protected":false},"author":1,"featured_media":150420,"comment_status":"open","ping_status":"open","sticky":false,"template":"","format":"standard","meta":{"footnotes":""},"categories":[2],"tags":[1669,3192,1830,48622,19629,48623],"class_list":["post-150419","post","type-post","status-publish","format-standard","has-post-thumbnail","hentry","category-kibris","tag-basin-sen","tag-basin","tag-degil","tag-faciayi","tag-gercegi","tag-haberlestirmelidir"],"_links":{"self":[{"href":"https:\/\/www.kibrishost.com\/tak\/wp-json\/wp\/v2\/posts\/150419"}],"collection":[{"href":"https:\/\/www.kibrishost.com\/tak\/wp-json\/wp\/v2\/posts"}],"about":[{"href":"https:\/\/www.kibrishost.com\/tak\/wp-json\/wp\/v2\/types\/post"}],"author":[{"embeddable":true,"href":"https:\/\/www.kibrishost.com\/tak\/wp-json\/wp\/v2\/users\/1"}],"replies":[{"embeddable":true,"href":"https:\/\/www.kibrishost.com\/tak\/wp-json\/wp\/v2\/comments?post=150419"}],"version-history":[{"count":0,"href":"https:\/\/www.kibrishost.com\/tak\/wp-json\/wp\/v2\/posts\/150419\/revisions"}],"wp:featuredmedia":[{"embeddable":true,"href":"https:\/\/www.kibrishost.com\/tak\/wp-json\/wp\/v2\/media\/150420"}],"wp:attachment":[{"href":"https:\/\/www.kibrishost.com\/tak\/wp-json\/wp\/v2\/media?parent=150419"}],"wp:term":[{"taxonomy":"category","embeddable":true,"href":"https:\/\/www.kibrishost.com\/tak\/wp-json\/wp\/v2\/categories?post=150419"},{"taxonomy":"post_tag","embeddable":true,"href":"https:\/\/www.kibrishost.com\/tak\/wp-json\/wp\/v2\/tags?post=150419"}],"curies":[{"name":"wp","href":"https:\/\/api.w.org\/{rel}","templated":true}]}}