{"id":150411,"date":"2026-08-30T21:10:21","date_gmt":"2026-08-30T18:10:21","guid":{"rendered":"https:\/\/www.kibrishost.com\/tak\/ulkede-3-gunluk-yas-ilan-edildi\/"},"modified":"2026-08-30T21:10:21","modified_gmt":"2026-08-30T18:10:21","slug":"ulkede-3-gunluk-yas-ilan-edildi","status":"publish","type":"post","link":"https:\/\/www.kibrishost.com\/tak\/ulkede-3-gunluk-yas-ilan-edildi\/","title":{"rendered":"\u00dclkede 3 g\u00fcnl\u00fck yas ilan edildi"},"content":{"rendered":"<p>Bakanlar Kurulu, Girne-Ta\u015fucu seferini yapan yolcu gemisinin Girne a\u00e7\u0131klar\u0131nda meydana gelen deniz felaketi sonucu ya\u015fanan can kay\u0131plar\u0131 nedeniyle 3 g\u00fcnl\u00fck ulusal yas ilan edilmesine karar verdi.<\/p>\n<p>Bakanlar Kurulu karar\u0131 do\u011frultusunda, 31 A\u011fustos 2026 tarihinden 2 Eyl\u00fcl 2026 g\u00fcn\u00fc g\u00fcn bat\u0131m\u0131na kadar Kuzey K\u0131br\u0131s T\u00fcrk Cumhuriyeti\u2019nde ulusal yas ilan edildi.<\/p>\n<p>Kazaya ili\u015fkin son verilere g\u00f6re gemide toplam 267 yolcu bulunuyordu. \u015eu ana kadar 249 yolcuya ula\u015f\u0131ld\u0131. 241 yolcu sa\u011f olarak kurtar\u0131l\u0131rken, 8 yolcu hayat\u0131n\u0131 kaybetti. Kay\u0131p 18 ki\u015fiye ula\u015f\u0131lmas\u0131 i\u00e7in arama kurtarma \u00e7al\u0131\u015fmalar\u0131 aral\u0131ks\u0131z s\u00fcr\u00fcyor.<\/p>\n<p>Arama kurtarma \u00e7al\u0131\u015fmalar\u0131na T\u00fcrkiye\u2019den 3 u\u00e7ak, 4 \u0130HA, 6 helikopter, 4 Sahil G\u00fcvenlik botu, 1 h\u00fccumbot, 1 f\u0131rkateyn ve 1 karakol gemisi kat\u0131ld\u0131.<\/p>\n<p>KKTC\u2019den ise \u00e7al\u0131\u015fmalarda 4 Sahil G\u00fcvenlik botu, 2 helikopter, 1 h\u00fccumbot ve 1 karakol gemisinin yan\u0131 s\u0131ra Sivil Savunma ve Polis ekipleri g\u00f6rev ald\u0131.<\/p>\n<p>Arama kurtarma faaliyetleri gece boyunca da kesintisiz devam edecek. \u00d6zel gece g\u00f6r\u00fc\u015f imkan\u0131na sahip 4 gemi ve 2 helikopter, kay\u0131p 18 ki\u015fiye ula\u015fmak amac\u0131yla gece boyunca b\u00f6lgede aramalar\u0131n\u0131 s\u00fcrd\u00fcrecek.<\/p>\n<p>T\u00fcrkiye\u2019den g\u00f6revlendirilen \u0130HA\u2019lar da 24 saat esas\u0131na g\u00f6re arama kurtarma \u00e7al\u0131\u015fmalar\u0131na destek vermeye devam edecek.<\/p><\/p>\n","protected":false},"excerpt":{"rendered":"<p>Bakanlar Kurulu, Girne-Ta\u015fucu seferini yapan yolcu gemisinin Girne a\u00e7\u0131klar\u0131nda meydana gelen deniz felaketi sonucu ya\u015fanan can kay\u0131plar\u0131 nedeniyle 3 g\u00fcnl\u00fck ulusal yas ilan edilmesine karar verdi. Bakanlar Kurulu karar\u0131 do\u011frultusunda, 31 A\u011fustos 2026 tarihinden 2 Eyl\u00fcl 2026 g\u00fcn\u00fc g\u00fcn bat\u0131m\u0131na kadar Kuzey K\u0131br\u0131s T\u00fcrk Cumhuriyeti\u2019nde ulusal yas ilan edildi. Kazaya ili\u015fkin son verilere g\u00f6re gemide &hellip;<\/p>\n","protected":false},"author":1,"featured_media":150412,"comment_status":"open","ping_status":"open","sticky":false,"template":"","format":"standard","meta":{"footnotes":""},"categories":[2],"tags":[405,4402,404,5236,8121],"class_list":["post-150411","post","type-post","status-publish","format-standard","has-post-thumbnail","hentry","category-kibris","tag-edildi","tag-gunluk","tag-ilan","tag-ulkede","tag-yas"],"_links":{"self":[{"href":"https:\/\/www.kibrishost.com\/tak\/wp-json\/wp\/v2\/posts\/150411"}],"collection":[{"href":"https:\/\/www.kibrishost.com\/tak\/wp-json\/wp\/v2\/posts"}],"about":[{"href":"https:\/\/www.kibrishost.com\/tak\/wp-json\/wp\/v2\/types\/post"}],"author":[{"embeddable":true,"href":"https:\/\/www.kibrishost.com\/tak\/wp-json\/wp\/v2\/users\/1"}],"replies":[{"embeddable":true,"href":"https:\/\/www.kibrishost.com\/tak\/wp-json\/wp\/v2\/comments?post=150411"}],"version-history":[{"count":0,"href":"https:\/\/www.kibrishost.com\/tak\/wp-json\/wp\/v2\/posts\/150411\/revisions"}],"wp:featuredmedia":[{"embeddable":true,"href":"https:\/\/www.kibrishost.com\/tak\/wp-json\/wp\/v2\/media\/150412"}],"wp:attachment":[{"href":"https:\/\/www.kibrishost.com\/tak\/wp-json\/wp\/v2\/media?parent=150411"}],"wp:term":[{"taxonomy":"category","embeddable":true,"href":"https:\/\/www.kibrishost.com\/tak\/wp-json\/wp\/v2\/categories?post=150411"},{"taxonomy":"post_tag","embeddable":true,"href":"https:\/\/www.kibrishost.com\/tak\/wp-json\/wp\/v2\/tags?post=150411"}],"curies":[{"name":"wp","href":"https:\/\/api.w.org\/{rel}","templated":true}]}}