{"id":150409,"date":"2026-08-30T20:50:20","date_gmt":"2026-08-30T17:50:20","guid":{"rendered":"https:\/\/www.kibrishost.com\/tak\/ktmmob-facianin-nedenleri-bagimsiz-kapsamli-ve-seffaf-bir-sekilde-arastirilmali\/"},"modified":"2026-08-30T20:50:20","modified_gmt":"2026-08-30T17:50:20","slug":"ktmmob-facianin-nedenleri-bagimsiz-kapsamli-ve-seffaf-bir-sekilde-arastirilmali","status":"publish","type":"post","link":"https:\/\/www.kibrishost.com\/tak\/ktmmob-facianin-nedenleri-bagimsiz-kapsamli-ve-seffaf-bir-sekilde-arastirilmali\/","title":{"rendered":"KTMMOB: Facian\u0131n nedenleri, ba\u011f\u0131ms\u0131z, kapsaml\u0131 ve \u015feffaf bir \u015fekilde ara\u015ft\u0131r\u0131lmal\u0131"},"content":{"rendered":"<p>K\u0131br\u0131s T\u00fcrk M\u00fchendis ve Mimar Odalar\u0131 Birli\u011fi (KTMMOB), \u201cYa\u015fanan bu facian\u0131n nedenlerinin herhangi bir varsay\u0131ma dayanmadan, bilimsel ve teknik esaslar do\u011frultusunda, ba\u011f\u0131ms\u0131z, kapsaml\u0131 ve \u015feffaf bir \u015fekilde ara\u015ft\u0131r\u0131lmas\u0131 gerekti\u011fine inan\u0131yoruz.\u201d A\u00e7\u0131klamas\u0131nda bulundu.<\/p>\n<p>\u00a0<\/p>\n<p>Yap\u0131lan yaz\u0131l\u0131 a\u00e7\u0131klamada, Girne a\u00e7\u0131klar\u0131nda bug\u00fcn seferini ger\u00e7ekle\u015ftiren Filo Jet yolcu feribotunun alabora olmas\u0131ndan duyulan \u00fcz\u00fcnt\u00fc dile getirildi.<\/p>\n<p>\u00a0<\/p>\n<p>\u201cYa\u015fanan bu b\u00fcy\u00fck ac\u0131 kar\u015f\u0131s\u0131nda \u00f6ncelikle hayat\u0131n\u0131 kaybedenlerin ailelerine ve yak\u0131nlar\u0131na ba\u015fsa\u011fl\u0131\u011f\u0131; yaralananlara acil \u015fifalar diliyoruz\u201d denilen a\u00e7\u0131klamada kay\u0131p olanlar\u0131n bir an \u00f6nce sa\u011f salim bulunmas\u0131n\u0131 temenni edildi.<\/p>\n<p>\u00a0<\/p>\n<p>A\u00e7\u0131klma \u015f\u00f6yle devam etti:<\/p>\n<p>\u00a0<\/p>\n<p>\u201cYa\u015fanan bu facian\u0131n nedenlerinin herhangi bir varsay\u0131ma dayanmadan, bilimsel ve teknik esaslar do\u011frultusunda, ba\u011f\u0131ms\u0131z, kapsaml\u0131 ve \u015feffaf bir \u015fekilde ara\u015ft\u0131r\u0131lmas\u0131 gerekti\u011fine inan\u0131yoruz.<\/p>\n<p>\u00a0<\/p>\n<p>Kamuoyunun do\u011fru ve g\u00fcvenilir bilgiye zaman\u0131nda ula\u015fabilmesi ad\u0131na, kazaya ili\u015fkin resmi inceleme ve soru\u015fturma sonu\u00e7lar\u0131n\u0131n \u015feffaf bi\u00e7imde kamuoyuyla payla\u015f\u0131lmas\u0131n\u0131n da \u00f6nem ta\u015f\u0131d\u0131\u011f\u0131n\u0131 belirtir, konun yak\u0131ndan takip\u00e7isi oldu\u011fumuzun bilinmesini istiyoruz.\u201d<\/p><\/p>\n","protected":false},"excerpt":{"rendered":"<p>K\u0131br\u0131s T\u00fcrk M\u00fchendis ve Mimar Odalar\u0131 Birli\u011fi (KTMMOB), \u201cYa\u015fanan bu facian\u0131n nedenlerinin herhangi bir varsay\u0131ma dayanmadan, bilimsel ve teknik esaslar do\u011frultusunda, ba\u011f\u0131ms\u0131z, kapsaml\u0131 ve \u015feffaf bir \u015fekilde ara\u015ft\u0131r\u0131lmas\u0131 gerekti\u011fine inan\u0131yoruz.\u201d A\u00e7\u0131klamas\u0131nda bulundu. \u00a0 Yap\u0131lan yaz\u0131l\u0131 a\u00e7\u0131klamada, Girne a\u00e7\u0131klar\u0131nda bug\u00fcn seferini ger\u00e7ekle\u015ftiren Filo Jet yolcu feribotunun alabora olmas\u0131ndan duyulan \u00fcz\u00fcnt\u00fc dile getirildi. \u00a0 \u201cYa\u015fanan bu b\u00fcy\u00fck &hellip;<\/p>\n","protected":false},"author":1,"featured_media":150410,"comment_status":"open","ping_status":"open","sticky":false,"template":"","format":"standard","meta":{"footnotes":""},"categories":[2],"tags":[17218,1840,64,19695,4259,2993,14893,6159,658],"class_list":["post-150409","post","type-post","status-publish","format-standard","has-post-thumbnail","hentry","category-kibris","tag-arastirilmali","tag-bagimsiz","tag-bir","tag-facianin","tag-kapsamli","tag-ktmmob","tag-nedenleri","tag-seffaf","tag-sekilde"],"_links":{"self":[{"href":"https:\/\/www.kibrishost.com\/tak\/wp-json\/wp\/v2\/posts\/150409"}],"collection":[{"href":"https:\/\/www.kibrishost.com\/tak\/wp-json\/wp\/v2\/posts"}],"about":[{"href":"https:\/\/www.kibrishost.com\/tak\/wp-json\/wp\/v2\/types\/post"}],"author":[{"embeddable":true,"href":"https:\/\/www.kibrishost.com\/tak\/wp-json\/wp\/v2\/users\/1"}],"replies":[{"embeddable":true,"href":"https:\/\/www.kibrishost.com\/tak\/wp-json\/wp\/v2\/comments?post=150409"}],"version-history":[{"count":0,"href":"https:\/\/www.kibrishost.com\/tak\/wp-json\/wp\/v2\/posts\/150409\/revisions"}],"wp:featuredmedia":[{"embeddable":true,"href":"https:\/\/www.kibrishost.com\/tak\/wp-json\/wp\/v2\/media\/150410"}],"wp:attachment":[{"href":"https:\/\/www.kibrishost.com\/tak\/wp-json\/wp\/v2\/media?parent=150409"}],"wp:term":[{"taxonomy":"category","embeddable":true,"href":"https:\/\/www.kibrishost.com\/tak\/wp-json\/wp\/v2\/categories?post=150409"},{"taxonomy":"post_tag","embeddable":true,"href":"https:\/\/www.kibrishost.com\/tak\/wp-json\/wp\/v2\/tags?post=150409"}],"curies":[{"name":"wp","href":"https:\/\/api.w.org\/{rel}","templated":true}]}}