{"id":150405,"date":"2026-08-30T20:40:20","date_gmt":"2026-08-30T17:40:20","guid":{"rendered":"https:\/\/www.kibrishost.com\/tak\/tabipler-birligi-her-turlu-saglik-destegi-ve-is-birligine-haziriz\/"},"modified":"2026-08-30T20:40:20","modified_gmt":"2026-08-30T17:40:20","slug":"tabipler-birligi-her-turlu-saglik-destegi-ve-is-birligine-haziriz","status":"publish","type":"post","link":"https:\/\/www.kibrishost.com\/tak\/tabipler-birligi-her-turlu-saglik-destegi-ve-is-birligine-haziriz\/","title":{"rendered":"Tabipler Birli\u011fi: \u201cHer t\u00fcrl\u00fc sa\u011fl\u0131k deste\u011fi ve i\u015f birli\u011fine haz\u0131r\u0131z\u201d"},"content":{"rendered":"<p>K\u0131br\u0131s T\u00fcrk Tabipleri Birli\u011fi, Girne a\u00e7\u0131klar\u0131nda ya\u015fanan faciayla ilgili olarak her t\u00fcrl\u00fc sa\u011fl\u0131k deste\u011fi ve i\u015f birli\u011fine haz\u0131r olduklar\u0131n\u0131 bildirdi<\/p>\n<p>K\u0131br\u0131s T\u00fcrk Tabipleri Birli\u011fi Y\u00f6netim Kurulu taraf\u0131ndan yap\u0131lan yaz\u0131l\u0131 a\u00e7\u0131klamada \u201cGirne a\u00e7\u0131klar\u0131nda meydana gelen feribot kazas\u0131n\u0131 b\u00fcy\u00fck bir \u00fcz\u00fcnt\u00fc ve endi\u015feyle takip etmekteyiz.Ya\u015fanan kazada hayat\u0131n\u0131 kaybedenlere Allah\u2019tan rahmet; ailelerine, yak\u0131nlar\u0131na ve t\u00fcm K\u0131br\u0131s T\u00fcrk halk\u0131na ba\u015fsa\u011fl\u0131\u011f\u0131, yaral\u0131lara acil \u015fifalar dileriz.Bu zor s\u00fcre\u00e7te, K\u0131br\u0131s T\u00fcrk Tabipleri Birli\u011fi olarak her t\u00fcrl\u00fc sa\u011fl\u0131k deste\u011fi ve i\u015f birli\u011fine haz\u0131r oldu\u011fumuzu belirtmek isteriz.\u201d Denildi.<\/p><\/p>\n","protected":false},"excerpt":{"rendered":"<p>K\u0131br\u0131s T\u00fcrk Tabipleri Birli\u011fi, Girne a\u00e7\u0131klar\u0131nda ya\u015fanan faciayla ilgili olarak her t\u00fcrl\u00fc sa\u011fl\u0131k deste\u011fi ve i\u015f birli\u011fine haz\u0131r olduklar\u0131n\u0131 bildirdi K\u0131br\u0131s T\u00fcrk Tabipleri Birli\u011fi Y\u00f6netim Kurulu taraf\u0131ndan yap\u0131lan yaz\u0131l\u0131 a\u00e7\u0131klamada \u201cGirne a\u00e7\u0131klar\u0131nda meydana gelen feribot kazas\u0131n\u0131 b\u00fcy\u00fck bir \u00fcz\u00fcnt\u00fc ve endi\u015feyle takip etmekteyiz.Ya\u015fanan kazada hayat\u0131n\u0131 kaybedenlere Allah\u2019tan rahmet; ailelerine, yak\u0131nlar\u0131na ve t\u00fcm K\u0131br\u0131s T\u00fcrk halk\u0131na &hellip;<\/p>\n","protected":false},"author":1,"featured_media":150406,"comment_status":"open","ping_status":"open","sticky":false,"template":"","format":"standard","meta":{"footnotes":""},"categories":[2],"tags":[124,12386,3670,5384,82,146,577,2234,5176],"class_list":["post-150405","post","type-post","status-publish","format-standard","has-post-thumbnail","hentry","category-kibris","tag-birligi","tag-birligine","tag-destegi","tag-haziriz","tag-her","tag-is","tag-saglik","tag-tabipler","tag-turlu"],"_links":{"self":[{"href":"https:\/\/www.kibrishost.com\/tak\/wp-json\/wp\/v2\/posts\/150405"}],"collection":[{"href":"https:\/\/www.kibrishost.com\/tak\/wp-json\/wp\/v2\/posts"}],"about":[{"href":"https:\/\/www.kibrishost.com\/tak\/wp-json\/wp\/v2\/types\/post"}],"author":[{"embeddable":true,"href":"https:\/\/www.kibrishost.com\/tak\/wp-json\/wp\/v2\/users\/1"}],"replies":[{"embeddable":true,"href":"https:\/\/www.kibrishost.com\/tak\/wp-json\/wp\/v2\/comments?post=150405"}],"version-history":[{"count":0,"href":"https:\/\/www.kibrishost.com\/tak\/wp-json\/wp\/v2\/posts\/150405\/revisions"}],"wp:featuredmedia":[{"embeddable":true,"href":"https:\/\/www.kibrishost.com\/tak\/wp-json\/wp\/v2\/media\/150406"}],"wp:attachment":[{"href":"https:\/\/www.kibrishost.com\/tak\/wp-json\/wp\/v2\/media?parent=150405"}],"wp:term":[{"taxonomy":"category","embeddable":true,"href":"https:\/\/www.kibrishost.com\/tak\/wp-json\/wp\/v2\/categories?post=150405"},{"taxonomy":"post_tag","embeddable":true,"href":"https:\/\/www.kibrishost.com\/tak\/wp-json\/wp\/v2\/tags?post=150405"}],"curies":[{"name":"wp","href":"https:\/\/api.w.org\/{rel}","templated":true}]}}