{"id":150401,"date":"2026-08-30T19:50:22","date_gmt":"2026-08-30T16:50:22","guid":{"rendered":"https:\/\/www.kibrishost.com\/tak\/ustel-kibrisin-yasadigi-en-buyuk-deniz-felaketiyle-karsi-karsiyayiz-8-kisi-gozaltinda\/"},"modified":"2026-08-30T19:50:22","modified_gmt":"2026-08-30T16:50:22","slug":"ustel-kibrisin-yasadigi-en-buyuk-deniz-felaketiyle-karsi-karsiyayiz-8-kisi-gozaltinda","status":"publish","type":"post","link":"https:\/\/www.kibrishost.com\/tak\/ustel-kibrisin-yasadigi-en-buyuk-deniz-felaketiyle-karsi-karsiyayiz-8-kisi-gozaltinda\/","title":{"rendered":"\u00dcstel: K\u0131br\u0131s\u2019\u0131n ya\u015fad\u0131\u011f\u0131 en b\u00fcy\u00fck deniz felaketiyle kar\u015f\u0131 kar\u015f\u0131yay\u0131z, 8 ki\u015fi g\u00f6zalt\u0131nda"},"content":{"rendered":"<p>Ba\u015fbakan \u00dcnal \u00dcstel, \u201cAc\u0131m\u0131z \u00e7ok b\u00fcy\u00fck.\u00a0 K\u0131br\u0131s\u2019\u0131n ya\u015fad\u0131\u011f\u0131 en b\u00fcy\u00fck deniz felaketi olarak tarihe ge\u00e7en elim bir kazayla kar\u015f\u0131 kar\u015f\u0131yay\u0131z\u201d a\u00e7\u0131klamas\u0131nda bulundu.<\/p>\n<p>Ba\u015fbakan \u00dcstel, gemi kaptan\u0131 ve 7 g\u00f6revlinin g\u00f6zalt\u0131na al\u0131nd\u0131\u011f\u0131n\u0131 da belirtti.<\/p>\n<p>Girne\u2019de olu\u015fturulan Kriz Masas\u0131\u2019n\u0131 y\u00f6neten Ba\u015fbakan \u00dcstel, yaz\u0131l\u0131 a\u00e7\u0131klamada bulundu.\u00a0 <\/p>\n<p>\u201cKaybetti\u011fimiz insanlar\u0131m\u0131za Allah\u2019tan rahmet, ailelerine ve yak\u0131nlar\u0131na sab\u0131r ve ba\u015fsa\u011fl\u0131\u011f\u0131, yaral\u0131lar\u0131m\u0131za acil \u015fifalar diliyorum.\u201d Diyen \u00dcstel, kazan\u0131n meydana geldi\u011fi ilk andan itibaren devletin b\u00fct\u00fcn imk\u00e2nlar\u0131n\u0131n seferber edildi\u011fini vurgulad\u0131.<\/p>\n<p>\u00dcstel a\u00e7\u0131klamas\u0131n\u0131 \u015f\u00f6yle s\u00fcrd\u00fcrd\u00fc: <\/p>\n<p>\u201c\u0130lk m\u00fcdahalede 4 Sahil G\u00fcvenlik botu, 2 helikopter, T\u00fcrk Bar\u0131\u015f Kuvvetlerine ait 1 karakol gemisi, 1 h\u00fccum botu ile Sivil Savunma ve Polis Te\u015fkilat\u0131m\u0131za ba\u011fl\u0131 dalg\u0131\u00e7 ekipleri ve beraberindeki 4 arama kurtarma botu \u00e7al\u0131\u015fmalara kat\u0131lm\u0131\u015ft\u0131r.\u00a0 Arama kurtarma kapasitesi s\u00fcre\u00e7 i\u00e7erisinde daha da g\u00fc\u00e7lendirilmi\u015ftir.\u00a0 Halen b\u00f6lgede T\u00fcrk Silahl\u0131 Kuvvetleri taraf\u0131ndan g\u00f6revlendirilen 2 u\u00e7ak, 4 helikopter, 4 \u0130HA ve 4 Sahil G\u00fcvenlik botu arama kurtarma \u00e7al\u0131\u015fmalar\u0131na aktif olarak kat\u0131lmaktad\u0131r.<\/p>\n<p>KTBK Komutanl\u0131\u011f\u0131, GKK Komutanl\u0131\u011f\u0131, T\u00fcrk Silahl\u0131 Kuvvetlerinden g\u00f6nderilen unsurlar, T.C. \u0130\u00e7i\u015fleri Bakanl\u0131\u011f\u0131 Sahil G\u00fcvenlik Komutanl\u0131\u011f\u0131, Polis Te\u015fkilat\u0131m\u0131z ve Sivil Savunma Te\u015fkilat Ba\u015fkanl\u0131\u011f\u0131m\u0131z b\u00fcy\u00fck bir koordinasyon i\u00e7erisinde \u00e7al\u0131\u015fmalar\u0131n\u0131 aral\u0131ks\u0131z s\u00fcrd\u00fcrmektedir.\u201d<\/p>\n<p>Ba\u015fbakan \u00dcnal \u00dcstel, k\u0131sa bir s\u00fcre i\u00e7erisinde Deniz Kuvvetlerine ba\u011fl\u0131, 1000 metre derinli\u011fe kadar arama yapabilecek ve gemi bat\u0131\u011f\u0131na ula\u015fabilecek kapasiteye sahip arama kurtarma gemisinin de KKTC\u2019ye ula\u015farak \u00e7al\u0131\u015fmalara dahil olaca\u011f\u0131n\u0131 bildirdi.<\/p>\n<p>\u201cHavadan, denizden ve denizin alt\u0131ndan b\u00fct\u00fcn imkanlar\u0131m\u0131zla ar\u0131yoruz.\u201d diyen \u00dcstel, kay\u0131plara ula\u015fana kadar arama kurtarma \u00e7al\u0131\u015fmalar\u0131n\u0131n aral\u0131ks\u0131z devam edece\u011fini ifade etti. <\/p>\n<p>T\u00fcrkiye Cumhurba\u015fkan\u0131 Recep Tayyip Erdo\u011fan\u2019\u0131n kendisini arayarak ya\u015fanan b\u00fcy\u00fck felaket nedeniyle \u00fcz\u00fcnt\u00fclerini dile getirdi\u011fini s\u00f6yleyen \u00dcstel, Erdo\u011fan\u2019\u0131n \u201cT\u00fcrkiye Cumhuriyeti\u2019nin ihtiya\u00e7 duyulan her alanda s\u0131n\u0131rs\u0131z destek vermeye haz\u0131r oldu\u011funu ifade etti\u011fini\u201d s\u00f6yledi.<\/p>\n<\/p>\n<p>\u00a0<\/p>\n<p>\u00dcstel, T\u00fcrkiye Cumhurba\u015fkan\u0131 Yard\u0131mc\u0131s\u0131 Cevdet Y\u0131lmaz\u2019\u0131n da kazan\u0131n ya\u015fand\u0131\u011f\u0131 ilk andan itibaren kendileriyle s\u00fcrekli isti\u015fare i\u00e7erisinde oldu\u011funu aktard\u0131.<\/p>\n<p>\u00dcstel, Milliyet\u00e7i Hareket Partisi Genel Ba\u015fkan\u0131 Devlet Bah\u00e7eli\u2019nin de kendisini arayarak ya\u015fanan b\u00fcy\u00fck felaket nedeniyle duydu\u011fu derin \u00fcz\u00fcnt\u00fcy\u00fc ve ba\u015fsa\u011fl\u0131\u011f\u0131 dileklerini iletti\u011fini s\u00f6yledi.<\/p>\n<p>\u00dcstel, T\u00fcrkiye Cumhuriyeti\u2019ne, T\u00fcrkiye Cumhuriyeti H\u00fck\u00fcmeti\u2019ne, \u00a0Cumhurba\u015fkan\u0131 Recep Tayyip Erdo\u011fan\u2019a, Cumhurba\u015fkan\u0131 Yard\u0131mc\u0131s\u0131 Cevdet Y\u0131lmaz\u2019a ve dayan\u0131\u015fmalar\u0131n\u0131 ifade eden MHP Genel Ba\u015fkan\u0131 Devlet Bah\u00e7eli\u2019ye K\u0131br\u0131s T\u00fcrk halk\u0131 ad\u0131na te\u015fekk\u00fcr etti.<\/p>\n<p>Gemi kaptan\u0131 ve 7 g\u00f6revlinin g\u00f6zalt\u0131na al\u0131nd\u0131\u011f\u0131n\u0131 kaydeden \u00dcstel a\u00e7\u0131klamas\u0131n\u0131 \u015f\u00f6yle s\u00fcrd\u00fcrd\u00fc:<\/p>\n<p>\u201cBir yandan arama kurtarma \u00e7al\u0131\u015fmalar\u0131m\u0131z s\u00fcrerken, di\u011fer yandan bu felaketin nas\u0131l meydana geldi\u011finin ortaya \u00e7\u0131kar\u0131lmas\u0131 i\u00e7in soru\u015fturma derhal ba\u015flat\u0131lm\u0131\u015ft\u0131r. <a name=\"_Hlk239008482\">Gemi kaptan\u0131 ve 7 g\u00f6revli g\u00f6zalt\u0131na al\u0131nm\u0131\u015ft\u0131r<\/a>. Buradan \u00e7ok net s\u00f6yl\u00fcyorum:\u00a0 Bu olay\u0131n her y\u00f6n\u00fc ara\u015ft\u0131r\u0131lacak. En k\u00fc\u00e7\u00fck bir ihmal dahi varsa ortaya \u00e7\u0131kar\u0131lacak. Kusuru ve sorumlulu\u011fu bulunan kim olursa olsun g\u00f6z\u00fcn\u00fcn ya\u015f\u0131na bak\u0131lmayacakt\u0131r.<\/p>\n<p>Bu b\u00fcy\u00fck felaketin b\u00fct\u00fcn boyutlar\u0131yla ayd\u0131nlat\u0131lmas\u0131, devletimizin hem g\u00f6revi hem de kaybetti\u011fimiz insanlar\u0131m\u0131za ve ailelerine kar\u015f\u0131 sorumlulu\u011fudur. Bug\u00fcn ac\u0131m\u0131z b\u00fcy\u00fckt\u00fcr. Ancak devletimiz b\u00fct\u00fcn kurumlar\u0131yla g\u00f6revinin ba\u015f\u0131ndad\u0131r. \u015eimdi b\u00fct\u00fcn g\u00fcc\u00fcm\u00fczle kay\u0131plar\u0131m\u0131za ula\u015fmaya, yaralar\u0131m\u0131z\u0131 sarmaya ve bu b\u00fcy\u00fck felaketin b\u00fct\u00fcn ger\u00e7eklerini ortaya \u00e7\u0131karmaya odaklanm\u0131\u015f durumday\u0131z.<\/p>\n<p>Kaybetti\u011fimiz insanlar\u0131m\u0131za bir kez daha Allah\u2019tan rahmet, ailelerine ve yak\u0131nlar\u0131na sab\u0131r, yaral\u0131lar\u0131m\u0131za acil \u015fifalar diliyorum.\u00a0 Dualar\u0131m\u0131z, arad\u0131\u011f\u0131m\u0131z insanlar\u0131m\u0131za bir an \u00f6nce ula\u015f\u0131lmas\u0131 i\u00e7indir.\u201d<\/p><\/p>\n","protected":false},"excerpt":{"rendered":"<p>Ba\u015fbakan \u00dcnal \u00dcstel, \u201cAc\u0131m\u0131z \u00e7ok b\u00fcy\u00fck.\u00a0 K\u0131br\u0131s\u2019\u0131n ya\u015fad\u0131\u011f\u0131 en b\u00fcy\u00fck deniz felaketi olarak tarihe ge\u00e7en elim bir kazayla kar\u015f\u0131 kar\u015f\u0131yay\u0131z\u201d a\u00e7\u0131klamas\u0131nda bulundu. Ba\u015fbakan \u00dcstel, gemi kaptan\u0131 ve 7 g\u00f6revlinin g\u00f6zalt\u0131na al\u0131nd\u0131\u011f\u0131n\u0131 da belirtti. Girne\u2019de olu\u015fturulan Kriz Masas\u0131\u2019n\u0131 y\u00f6neten Ba\u015fbakan \u00dcstel, yaz\u0131l\u0131 a\u00e7\u0131klamada bulundu.\u00a0 \u201cKaybetti\u011fimiz insanlar\u0131m\u0131za Allah\u2019tan rahmet, ailelerine ve yak\u0131nlar\u0131na sab\u0131r ve ba\u015fsa\u011fl\u0131\u011f\u0131, yaral\u0131lar\u0131m\u0131za acil &hellip;<\/p>\n","protected":false},"author":1,"featured_media":150402,"comment_status":"open","ping_status":"open","sticky":false,"template":"","format":"standard","meta":{"footnotes":""},"categories":[2],"tags":[170,521,2778,15134,17,7395,303,857,1016,21017],"class_list":["post-150401","post","type-post","status-publish","format-standard","has-post-thumbnail","hentry","category-kibris","tag-buyuk","tag-deniz","tag-felaketiyle","tag-gozaltinda","tag-karsi","tag-karsiyayiz","tag-kisi","tag-kibrisin","tag-ustel","tag-yasadigi"],"_links":{"self":[{"href":"https:\/\/www.kibrishost.com\/tak\/wp-json\/wp\/v2\/posts\/150401"}],"collection":[{"href":"https:\/\/www.kibrishost.com\/tak\/wp-json\/wp\/v2\/posts"}],"about":[{"href":"https:\/\/www.kibrishost.com\/tak\/wp-json\/wp\/v2\/types\/post"}],"author":[{"embeddable":true,"href":"https:\/\/www.kibrishost.com\/tak\/wp-json\/wp\/v2\/users\/1"}],"replies":[{"embeddable":true,"href":"https:\/\/www.kibrishost.com\/tak\/wp-json\/wp\/v2\/comments?post=150401"}],"version-history":[{"count":0,"href":"https:\/\/www.kibrishost.com\/tak\/wp-json\/wp\/v2\/posts\/150401\/revisions"}],"wp:featuredmedia":[{"embeddable":true,"href":"https:\/\/www.kibrishost.com\/tak\/wp-json\/wp\/v2\/media\/150402"}],"wp:attachment":[{"href":"https:\/\/www.kibrishost.com\/tak\/wp-json\/wp\/v2\/media?parent=150401"}],"wp:term":[{"taxonomy":"category","embeddable":true,"href":"https:\/\/www.kibrishost.com\/tak\/wp-json\/wp\/v2\/categories?post=150401"},{"taxonomy":"post_tag","embeddable":true,"href":"https:\/\/www.kibrishost.com\/tak\/wp-json\/wp\/v2\/tags?post=150401"}],"curies":[{"name":"wp","href":"https:\/\/api.w.org\/{rel}","templated":true}]}}