{"id":150399,"date":"2026-08-30T19:40:21","date_gmt":"2026-08-30T16:40:21","guid":{"rendered":"https:\/\/www.kibrishost.com\/tak\/el-sen-guc-sen-ve-kitsab-kazanin-meydana-gelmesine-neden-olan-unsurlarin-arastirilmasini-istedi\/"},"modified":"2026-08-30T19:40:21","modified_gmt":"2026-08-30T16:40:21","slug":"el-sen-guc-sen-ve-kitsab-kazanin-meydana-gelmesine-neden-olan-unsurlarin-arastirilmasini-istedi","status":"publish","type":"post","link":"https:\/\/www.kibrishost.com\/tak\/el-sen-guc-sen-ve-kitsab-kazanin-meydana-gelmesine-neden-olan-unsurlarin-arastirilmasini-istedi\/","title":{"rendered":"El-Sen, G\u00fc\u00e7-Sen ve KITSAB kazan\u0131n meydana gelmesine neden olan unsurlar\u0131n ara\u015ft\u0131r\u0131lmas\u0131n\u0131 istedi"},"content":{"rendered":"<p>K\u0131br\u0131s T\u00fcrk Elektrik Kurumu \u00c7al\u0131\u015fanlar\u0131 Sendikas\u0131 (El-Sen) Ba\u015fkan\u0131 Ahmet Tu\u011fcu, G\u00fcmr\u00fck \u00c7al\u0131\u015fanlar\u0131 Sendikas\u0131 (G\u00fc\u00e7-Sen) ve K\u0131br\u0131s T\u00fcrk Turizm ve Seyahat Acentalar\u0131 Birli\u011fi Ba\u015fkan\u0131 O\u011fuz Akan\u00e7ay Girne a\u00e7\u0131klar\u0131nda meydana gelen feribot kazas\u0131ndan duydu\u011fu \u00fcz\u00fcnt\u00fcy\u00fc ifade etti ve kazan\u0131n meydana gelmesine neden olan unsurlar\u0131n ara\u015ft\u0131r\u0131lmas\u0131n\u0131 istedi.<\/p>\n<p>Tu\u011fcu, \u00a0G\u00fc\u00e7-Sen ve Akan\u00e7ay kazayla ilgili mesaj yay\u0131mlad\u0131.<\/p>\n<\/p>\n<p>\u00a0<\/p>\n<p>-Tu\u011fcu: \u201cSorumlular kim olursa olsun, adalet \u00f6n\u00fcnde hesap vermeli\u201d <\/p>\n<p>Tu\u011fcu mesaj\u0131nda kazada hayat\u0131n\u0131 kaybedenlere rahmet; etkilenenlere ge\u00e7mi\u015f olsun dileklerini iletti; yaral\u0131lar\u0131n bir an \u00f6nce sa\u011fl\u0131klar\u0131na kavu\u015fmalar\u0131n\u0131 temenni etti.<\/p>\n<\/p>\n<p>\u00a0<\/p>\n<p>Olay\u0131n t\u00fcm y\u00f6nleriyle, hi\u00e7bir ayr\u0131nt\u0131 g\u00f6z ard\u0131 edilmeden ve hi\u00e7bir sorumlunun korunmas\u0131na izin verilmeden soru\u015fturulmas\u0131n\u0131n \u00f6nemine i\u015faret eden Tu\u011fcu, kazan\u0131n meydana gelmesine neden olan ihmallerin, eksikliklerin ve varsa kusurlar\u0131n b\u00fct\u00fcn a\u00e7\u0131kl\u0131\u011f\u0131yla ortaya \u00e7\u0131kar\u0131lmas\u0131n\u0131 beklediklerini vurgulad\u0131. <\/p>\n<p>Tu\u011fcu, \u201cSorumlular kim olursa olsun, adalet \u00f6n\u00fcnde hesap vermeli ve bir an \u00f6nce adalete teslim edilmelidir. Bu s\u00fcre\u00e7te \u015feffafl\u0131k, ba\u011f\u0131ms\u0131z ve etkin bir soru\u015fturma ile kamuoyunun do\u011fru \u015fekilde bilgilendirilmesi, hayat\u0131n\u0131 kaybeden vatanda\u015flar\u0131m\u0131za ve ailelerine kar\u015f\u0131 en temel sorumlulu\u011fumuzdur. Bir daha b\u00f6ylesi ac\u0131lar\u0131n ya\u015fanmamas\u0131 i\u00e7in gerekli t\u00fcm tedbirlerin al\u0131nmas\u0131n\u0131 ve denetim mekanizmalar\u0131n\u0131n eksiksiz \u015fekilde i\u015fletilmesini de \u00f6nemle talep ediyoruz.\u201d dedi.<\/p>\n<p>-G\u00fc\u00e7-Sen: \u201cFaciada sorumlulu\u011fu olanlar ile ilgili ivedilikle soru\u015fturma ba\u015flat\u0131lmal\u0131\u201d<\/p>\n<p>G\u00fc\u00e7-Sen de ya\u015fanan faciadan hayat\u0131n\u0131 kaybedenlere ba\u015fsa\u011fl\u0131\u011f\u0131, yaral\u0131lara acil \u015fifalar diledi. <\/p>\n<p>G\u00fc\u00e7-Sen mesaj\u0131nda \u201cBu faciada sorumlulu\u011fu olanlar ile ilgili ivedilikle soru\u015fturma ba\u015flat\u0131lmal\u0131, olayda ad\u0131 ge\u00e7en gemi ve de di\u011fer yolcu gemilerinin yeterlili\u011fi ile ilgili a\u00e7\u0131klama yap\u0131lmal\u0131, t\u00fcm ger\u00e7ekler ortaya \u00e7\u0131kar\u0131lmal\u0131d\u0131r.\u201d dedi.<\/p>\n<\/p>\n<p>\u00a0<\/p>\n<p>-Akan\u00e7ay <\/p>\n<p>KITSAB Ba\u015fkan\u0131 O\u011fuz Akan\u00e7ay ise kazadan duydu\u011fu \u00fcz\u00fcnt\u00fcy\u00fc ve endi\u015feyi ifade etti; \u201c\u00d6nceli\u011fimiz, gemide bulunan t\u00fcm yolcular\u0131n ve m\u00fcrettebat\u0131n sa\u011f salim kurtar\u0131lmas\u0131d\u0131r.<\/p>\n<p>Bu zorlu s\u00fcre\u00e7te b\u00fcy\u00fck bir \u00f6zveriyle g\u00f6rev yapan arama-kurtarma ekiplerimize, Sahil G\u00fcvenlik personelimize, Sivil Savunma ekiplerimize, sa\u011fl\u0131k \u00e7al\u0131\u015fanlar\u0131m\u0131za, g\u00fcvenlik g\u00fc\u00e7lerimize ve yard\u0131m i\u00e7in b\u00f6lgeye ula\u015fan t\u00fcm denizcilerimize g\u00f6n\u00fclden te\u015fekk\u00fcr ediyoruz.\u201d dedi.<\/p>\n<p>Akan\u00e7ay, Filo Denizcilik yetkililerine, gemi m\u00fcrettebat\u0131na, yolculara ve t\u00fcm yak\u0131nlar\u0131na ge\u00e7mi\u015f olsun dileklerini de iletti.<\/p>\n<p>(\u00d6Z)\u00a0\u00a0<\/p><\/p>\n","protected":false},"excerpt":{"rendered":"<p>K\u0131br\u0131s T\u00fcrk Elektrik Kurumu \u00c7al\u0131\u015fanlar\u0131 Sendikas\u0131 (El-Sen) Ba\u015fkan\u0131 Ahmet Tu\u011fcu, G\u00fcmr\u00fck \u00c7al\u0131\u015fanlar\u0131 Sendikas\u0131 (G\u00fc\u00e7-Sen) ve K\u0131br\u0131s T\u00fcrk Turizm ve Seyahat Acentalar\u0131 Birli\u011fi Ba\u015fkan\u0131 O\u011fuz Akan\u00e7ay Girne a\u00e7\u0131klar\u0131nda meydana gelen feribot kazas\u0131ndan duydu\u011fu \u00fcz\u00fcnt\u00fcy\u00fc ifade etti ve kazan\u0131n meydana gelmesine neden olan unsurlar\u0131n ara\u015ft\u0131r\u0131lmas\u0131n\u0131 istedi. Tu\u011fcu, \u00a0G\u00fc\u00e7-Sen ve Akan\u00e7ay kazayla ilgili mesaj yay\u0131mlad\u0131. \u00a0 -Tu\u011fcu: \u201cSorumlular &hellip;<\/p>\n","protected":false},"author":1,"featured_media":150400,"comment_status":"open","ping_status":"open","sticky":false,"template":"","format":"standard","meta":{"footnotes":""},"categories":[2],"tags":[5548,1605,21337,13550,491,14939,13743,1608,1633,2255,10254],"class_list":["post-150399","post","type-post","status-publish","format-standard","has-post-thumbnail","hentry","category-kibris","tag-arastirilmasini","tag-el-sen","tag-gelmesine","tag-guc-sen","tag-istedi","tag-kazanin","tag-kitsab","tag-meydana","tag-neden","tag-olan","tag-unsurlarin"],"_links":{"self":[{"href":"https:\/\/www.kibrishost.com\/tak\/wp-json\/wp\/v2\/posts\/150399"}],"collection":[{"href":"https:\/\/www.kibrishost.com\/tak\/wp-json\/wp\/v2\/posts"}],"about":[{"href":"https:\/\/www.kibrishost.com\/tak\/wp-json\/wp\/v2\/types\/post"}],"author":[{"embeddable":true,"href":"https:\/\/www.kibrishost.com\/tak\/wp-json\/wp\/v2\/users\/1"}],"replies":[{"embeddable":true,"href":"https:\/\/www.kibrishost.com\/tak\/wp-json\/wp\/v2\/comments?post=150399"}],"version-history":[{"count":0,"href":"https:\/\/www.kibrishost.com\/tak\/wp-json\/wp\/v2\/posts\/150399\/revisions"}],"wp:featuredmedia":[{"embeddable":true,"href":"https:\/\/www.kibrishost.com\/tak\/wp-json\/wp\/v2\/media\/150400"}],"wp:attachment":[{"href":"https:\/\/www.kibrishost.com\/tak\/wp-json\/wp\/v2\/media?parent=150399"}],"wp:term":[{"taxonomy":"category","embeddable":true,"href":"https:\/\/www.kibrishost.com\/tak\/wp-json\/wp\/v2\/categories?post=150399"},{"taxonomy":"post_tag","embeddable":true,"href":"https:\/\/www.kibrishost.com\/tak\/wp-json\/wp\/v2\/tags?post=150399"}],"curies":[{"name":"wp","href":"https:\/\/api.w.org\/{rel}","templated":true}]}}