{"id":150393,"date":"2026-08-30T18:50:20","date_gmt":"2026-08-30T15:50:20","guid":{"rendered":"https:\/\/www.kibrishost.com\/tak\/basbakan-ustel-237-kisi-kurtarildi-7-can-kaybi-var-23-kisi-araniyor\/"},"modified":"2026-08-30T18:50:20","modified_gmt":"2026-08-30T15:50:20","slug":"basbakan-ustel-237-kisi-kurtarildi-7-can-kaybi-var-23-kisi-araniyor","status":"publish","type":"post","link":"https:\/\/www.kibrishost.com\/tak\/basbakan-ustel-237-kisi-kurtarildi-7-can-kaybi-var-23-kisi-araniyor\/","title":{"rendered":"Ba\u015fbakan \u00dcstel: 237 ki\u015fi kurtar\u0131ld\u0131, 7 can kayb\u0131 var, 23 ki\u015fi aran\u0131yor"},"content":{"rendered":"<p>Ba\u015fbakan \u00dcnal \u00dcstel, Girne a\u00e7\u0131klar\u0131nda alabora olan gemide bulunanlardan 237\u2019si kurtar\u0131ld\u0131\u011f\u0131n\u0131, 7 can kayb\u0131 oldu\u011funu, 23 ki\u015finin ise arand\u0131\u011f\u0131n\u0131 a\u00e7\u0131klad\u0131.<\/p>\n<p>Ba\u015fbakan \u00dcstel, TRT Haber\u2019e canl\u0131 yay\u0131nda yapt\u0131\u011f\u0131 a\u00e7\u0131klamada alabora olan gemide 259 yolcu ve 8 m\u00fcrettebat bulundu\u011funu belirtti.<\/p>\n<p>Arama kurtarma \u00e7al\u0131\u015fmalar\u0131 sonucunda 237 ki\u015finin kurtar\u0131ld\u0131\u011f\u0131n\u0131 a\u00e7\u0131klayan Ba\u015fbakan \u00dcstel, can kayb\u0131n\u0131n da 7\u2019ye y\u00fckseldi\u011fini bildirdi. <\/p>\n<p>Ba\u015fbakan \u00dcstel, 23 ki\u015finin halen arand\u0131\u011f\u0131n\u0131 ifade etti.<\/p>\n<p>T\u00fcm ilgili ekiplerin koordinasyon i\u00e7inde \u00e7al\u0131\u015fmalara kat\u0131ld\u0131\u011f\u0131n\u0131 s\u00f6yleyen Ba\u015fbakan \u00dcstel, kriz masas\u0131nda geli\u015fmelerin izlendi\u011fini ve \u00e7al\u0131\u015fmalar\u0131n y\u00f6nlendirildi\u011fini kaydetti.<\/p>\n<p>\u00dcstel, geminin alabora oldu\u011fu b\u00f6lgede derinli\u011fin 514 metre oldu\u011funu ve \u00f6n\u00fcm\u00fczdeki saatlerde T\u00fcrkiye\u2019den uzman bir ekibin de gelerek denizde arama-kurtarma \u00e7al\u0131\u015fmalar\u0131na kat\u0131laca\u011f\u0131n\u0131 a\u00e7\u0131klad\u0131.<\/p>\n<p>\u00dcnal \u00dcstel, kurtar\u0131lanlar\u0131n hastanelere kald\u0131r\u0131ld\u0131\u011f\u0131n\u0131 ve bu ki\u015filer aras\u0131nda durumu a\u011f\u0131r olan bulunmad\u0131\u011f\u0131n\u0131 da bildirdi. <\/p><\/p>\n","protected":false},"excerpt":{"rendered":"<p>Ba\u015fbakan \u00dcnal \u00dcstel, Girne a\u00e7\u0131klar\u0131nda alabora olan gemide bulunanlardan 237\u2019si kurtar\u0131ld\u0131\u011f\u0131n\u0131, 7 can kayb\u0131 oldu\u011funu, 23 ki\u015finin ise arand\u0131\u011f\u0131n\u0131 a\u00e7\u0131klad\u0131. Ba\u015fbakan \u00dcstel, TRT Haber\u2019e canl\u0131 yay\u0131nda yapt\u0131\u011f\u0131 a\u00e7\u0131klamada alabora olan gemide 259 yolcu ve 8 m\u00fcrettebat bulundu\u011funu belirtti. Arama kurtarma \u00e7al\u0131\u015fmalar\u0131 sonucunda 237 ki\u015finin kurtar\u0131ld\u0131\u011f\u0131n\u0131 a\u00e7\u0131klayan Ba\u015fbakan \u00dcstel, can kayb\u0131n\u0131n da 7\u2019ye y\u00fckseldi\u011fini bildirdi. Ba\u015fbakan &hellip;<\/p>\n","protected":false},"author":1,"featured_media":150394,"comment_status":"open","ping_status":"open","sticky":false,"template":"","format":"standard","meta":{"footnotes":""},"categories":[2],"tags":[13313,3361,1015,353,354,303,1563,1016,1112],"class_list":["post-150393","post","type-post","status-publish","format-standard","has-post-thumbnail","hentry","category-kibris","tag-13313","tag-araniyor","tag-basbakan","tag-can","tag-kaybi","tag-kisi","tag-kurtarildi","tag-ustel","tag-var"],"_links":{"self":[{"href":"https:\/\/www.kibrishost.com\/tak\/wp-json\/wp\/v2\/posts\/150393"}],"collection":[{"href":"https:\/\/www.kibrishost.com\/tak\/wp-json\/wp\/v2\/posts"}],"about":[{"href":"https:\/\/www.kibrishost.com\/tak\/wp-json\/wp\/v2\/types\/post"}],"author":[{"embeddable":true,"href":"https:\/\/www.kibrishost.com\/tak\/wp-json\/wp\/v2\/users\/1"}],"replies":[{"embeddable":true,"href":"https:\/\/www.kibrishost.com\/tak\/wp-json\/wp\/v2\/comments?post=150393"}],"version-history":[{"count":0,"href":"https:\/\/www.kibrishost.com\/tak\/wp-json\/wp\/v2\/posts\/150393\/revisions"}],"wp:featuredmedia":[{"embeddable":true,"href":"https:\/\/www.kibrishost.com\/tak\/wp-json\/wp\/v2\/media\/150394"}],"wp:attachment":[{"href":"https:\/\/www.kibrishost.com\/tak\/wp-json\/wp\/v2\/media?parent=150393"}],"wp:term":[{"taxonomy":"category","embeddable":true,"href":"https:\/\/www.kibrishost.com\/tak\/wp-json\/wp\/v2\/categories?post=150393"},{"taxonomy":"post_tag","embeddable":true,"href":"https:\/\/www.kibrishost.com\/tak\/wp-json\/wp\/v2\/tags?post=150393"}],"curies":[{"name":"wp","href":"https:\/\/api.w.org\/{rel}","templated":true}]}}