{"id":150391,"date":"2026-08-30T18:40:18","date_gmt":"2026-08-30T15:40:18","guid":{"rendered":"https:\/\/www.kibrishost.com\/tak\/ozturkler-girne-aciklarinda-yasanan-feribot-kazasindan-duydugu-uzuntuyu-ifade-etti\/"},"modified":"2026-08-30T18:40:18","modified_gmt":"2026-08-30T15:40:18","slug":"ozturkler-girne-aciklarinda-yasanan-feribot-kazasindan-duydugu-uzuntuyu-ifade-etti","status":"publish","type":"post","link":"https:\/\/www.kibrishost.com\/tak\/ozturkler-girne-aciklarinda-yasanan-feribot-kazasindan-duydugu-uzuntuyu-ifade-etti\/","title":{"rendered":"\u00d6zt\u00fcrkler Girne a\u00e7\u0131klar\u0131nda ya\u015fanan feribot kazas\u0131ndan duydu\u011fu \u00fcz\u00fcnt\u00fcy\u00fc ifade etti"},"content":{"rendered":"<p>Cumhuriyet Meclisi Ba\u015fkan\u0131 Ziya \u00d6zt\u00fcrkler Girne a\u00e7\u0131klar\u0131nda ya\u015fanan feribot kazas\u0131ndan duydu\u011fu \u00fcz\u00fcnt\u00fcy\u00fc ifade etti; ya\u015fanan olay\u0131n t\u00fcm y\u00f6nleriyle de\u011ferlendirilerek, benzer hadiselerin bir daha ya\u015fanmamas\u0131 i\u00e7in gerekli t\u00fcm tedbirlerin al\u0131nmas\u0131n\u0131 temenni etti.<\/p>\n<p>Hayat\u0131n\u0131 kaybedenlere Allah\u2019tan rahmet, ailelerine ve yak\u0131nlar\u0131na sab\u0131r ve ba\u015fsa\u011fl\u0131\u011f\u0131; yaral\u0131lara acil \u015fifalar dileyen \u00d6zt\u00fcrkler, kay\u0131p vatanda\u015flardan gelecek g\u00fczel haberleri umutla bekledi\u011fini kaydetti. \u00d6zt\u00fcrkler, \u201cBu elim olaydan etkilenen herkese ge\u00e7mi\u015f olsun dileklerimi iletiyorum.\u201d dedi. \u00d6zt\u00fcrkler kazayla ilgili mesaj yay\u0131mlad\u0131.<\/p>\n<p>\u00d6zt\u00fcrkler kazayla ilgili mesaj\u0131nda \u015funlar\u0131 da kaydetti:<\/p>\n<p>\u201cGirne a\u00e7\u0131klar\u0131nda bir yolcu gemisinin alabora olmas\u0131 sonucu ya\u015fanan elim olayda olay\u0131n meydana geldi\u011fi ilk andan itibaren Kuzey K\u0131br\u0131s T\u00fcrk Cumhuriyeti\u2019nin ilgili t\u00fcm kurum ve kurulu\u015flar\u0131n\u0131n b\u00fcy\u00fck bir hassasiyetle g\u00f6rev ba\u015f\u0131nda olmas\u0131, arama kurtarma \u00e7al\u0131\u015fmalar\u0131n\u0131n t\u00fcm imk\u00e2nlar seferber edilerek s\u00fcrd\u00fcr\u00fclmesi son derece \u00f6nemlidir.<\/p>\n<p>Anavatan T\u00fcrkiye Cumhuriyeti\u2019nin de arama kurtarma \u00e7al\u0131\u015fmalar\u0131na sa\u011flad\u0131\u011f\u0131 katk\u0131 ve destek, b\u00f6ylesi zor zamanlarda \u00fclkelerimiz aras\u0131ndaki g\u00fc\u00e7l\u00fc dayan\u0131\u015fman\u0131n bir kez daha g\u00f6stergesi olmu\u015ftur. Arama kurtarma \u00e7al\u0131\u015fmalar\u0131nda g\u00f6rev alan t\u00fcm ekiplere \u00f6zverili \u00e7al\u0131\u015fmalar\u0131ndan dolay\u0131 te\u015fekk\u00fcr ediyorum.<\/p>\n<p>Olay\u0131n ard\u0131ndan Yeni Turizm Liman\u0131\u2019nda olu\u015fturulan kriz masas\u0131nda y\u00fcr\u00fct\u00fclen \u00e7al\u0131\u015fmalara kat\u0131larak, arama kurtarma faaliyetlerini ve sahadaki geli\u015fmeleri yak\u0131ndan takip ettim. \u0130lgili kurum ve kurulu\u015flar\u0131m\u0131z\u0131n koordinasyon i\u00e7erisinde y\u00fcr\u00fctt\u00fc\u011f\u00fc \u00e7al\u0131\u015fmalar hakk\u0131nda yetkililerden bilgi ald\u0131m.<\/p>\n<p>En b\u00fcy\u00fck umudumuz, halen kay\u0131p olan ki\u015filerin bir an \u00f6nce sa\u011f salim bulunarak ailelerine ve sevdiklerine kavu\u015fmas\u0131d\u0131r.\u201d<\/p><\/p>\n","protected":false},"excerpt":{"rendered":"<p>Cumhuriyet Meclisi Ba\u015fkan\u0131 Ziya \u00d6zt\u00fcrkler Girne a\u00e7\u0131klar\u0131nda ya\u015fanan feribot kazas\u0131ndan duydu\u011fu \u00fcz\u00fcnt\u00fcy\u00fc ifade etti; ya\u015fanan olay\u0131n t\u00fcm y\u00f6nleriyle de\u011ferlendirilerek, benzer hadiselerin bir daha ya\u015fanmamas\u0131 i\u00e7in gerekli t\u00fcm tedbirlerin al\u0131nmas\u0131n\u0131 temenni etti. Hayat\u0131n\u0131 kaybedenlere Allah\u2019tan rahmet, ailelerine ve yak\u0131nlar\u0131na sab\u0131r ve ba\u015fsa\u011fl\u0131\u011f\u0131; yaral\u0131lara acil \u015fifalar dileyen \u00d6zt\u00fcrkler, kay\u0131p vatanda\u015flardan gelecek g\u00fczel haberleri umutla bekledi\u011fini kaydetti. \u00d6zt\u00fcrkler, &hellip;<\/p>\n","protected":false},"author":1,"featured_media":150392,"comment_status":"open","ping_status":"open","sticky":false,"template":"","format":"standard","meta":{"footnotes":""},"categories":[2],"tags":[1504,8928,290,11907,1870,4700,4273,11645,43565,249],"class_list":["post-150391","post","type-post","status-publish","format-standard","has-post-thumbnail","hentry","category-kibris","tag-aciklarinda","tag-duydugu","tag-etti","tag-feribot","tag-girne","tag-ifade","tag-kazasindan","tag-ozturkler","tag-uzuntuyu","tag-yasanan"],"_links":{"self":[{"href":"https:\/\/www.kibrishost.com\/tak\/wp-json\/wp\/v2\/posts\/150391"}],"collection":[{"href":"https:\/\/www.kibrishost.com\/tak\/wp-json\/wp\/v2\/posts"}],"about":[{"href":"https:\/\/www.kibrishost.com\/tak\/wp-json\/wp\/v2\/types\/post"}],"author":[{"embeddable":true,"href":"https:\/\/www.kibrishost.com\/tak\/wp-json\/wp\/v2\/users\/1"}],"replies":[{"embeddable":true,"href":"https:\/\/www.kibrishost.com\/tak\/wp-json\/wp\/v2\/comments?post=150391"}],"version-history":[{"count":0,"href":"https:\/\/www.kibrishost.com\/tak\/wp-json\/wp\/v2\/posts\/150391\/revisions"}],"wp:featuredmedia":[{"embeddable":true,"href":"https:\/\/www.kibrishost.com\/tak\/wp-json\/wp\/v2\/media\/150392"}],"wp:attachment":[{"href":"https:\/\/www.kibrishost.com\/tak\/wp-json\/wp\/v2\/media?parent=150391"}],"wp:term":[{"taxonomy":"category","embeddable":true,"href":"https:\/\/www.kibrishost.com\/tak\/wp-json\/wp\/v2\/categories?post=150391"},{"taxonomy":"post_tag","embeddable":true,"href":"https:\/\/www.kibrishost.com\/tak\/wp-json\/wp\/v2\/tags?post=150391"}],"curies":[{"name":"wp","href":"https:\/\/api.w.org\/{rel}","templated":true}]}}