{"id":150387,"date":"2026-08-30T18:20:31","date_gmt":"2026-08-30T15:20:31","guid":{"rendered":"https:\/\/www.kibrishost.com\/tak\/cevdet-yilmazdan-girne-aciklarindaki-gemi-kazasinda-hayatini-kaybedenler-icin-bassagligi-mesaji\/"},"modified":"2026-08-30T18:20:31","modified_gmt":"2026-08-30T15:20:31","slug":"cevdet-yilmazdan-girne-aciklarindaki-gemi-kazasinda-hayatini-kaybedenler-icin-bassagligi-mesaji","status":"publish","type":"post","link":"https:\/\/www.kibrishost.com\/tak\/cevdet-yilmazdan-girne-aciklarindaki-gemi-kazasinda-hayatini-kaybedenler-icin-bassagligi-mesaji\/","title":{"rendered":"Cevdet Y\u0131lmaz&#8217;dan Girne a\u00e7\u0131klar\u0131ndaki gemi kazas\u0131nda hayat\u0131n\u0131 kaybedenler i\u00e7in ba\u015fsa\u011fl\u0131\u011f\u0131 mesaj\u0131"},"content":{"rendered":"<p>T\u00fcrkiye Cumhurba\u015fkan\u0131 Yard\u0131mc\u0131s\u0131 Cevdet Y\u0131lmaz, Girne a\u00e7\u0131klar\u0131nda yolcu gemisinin alabora olmas\u0131 nedeniyle hayatlar\u0131n\u0131 kaybedenlere rahmet, ailelerine ba\u015fsa\u011fl\u0131\u011f\u0131 diledi.<\/p>\n<p>Y\u0131lmaz, NSosyal hesab\u0131ndan yapt\u0131\u011f\u0131 payla\u015f\u0131mda, \u015fu ifadeleri kulland\u0131:<\/p>\n<p>&#8220;KKTC&#8217;de meydana gelen elim deniz kazas\u0131nda hayat\u0131n\u0131 kaybeden yolculara Allah&#8217;tan rahmet, ailelerine ve yak\u0131nlar\u0131na sab\u0131r ve ba\u015fsa\u011fl\u0131\u011f\u0131 diliyorum. Kazan\u0131n meydana geldi\u011fi ilk anlardan itibaren y\u00fcr\u00fct\u00fclen h\u0131zl\u0131 ve koordineli \u00e7al\u0131\u015fmalar neticesinde 237 yolcunun sa\u011f salim karaya ula\u015ft\u0131r\u0131lmas\u0131 en b\u00fcy\u00fck tesellimizdir. Halen kay\u0131p olan yolcular\u0131m\u0131za da bir an \u00f6nce sa\u011f salim ula\u015f\u0131lmas\u0131n\u0131 temenni ediyor, bu y\u00f6nde aral\u0131ks\u0131z s\u00fcrd\u00fcr\u00fclen arama kurtarma \u00e7al\u0131\u015fmalar\u0131ndan hay\u0131rl\u0131 haberler bekliyoruz. Arama kurtarma faaliyetlerine kat\u0131lan KKTC ve T\u00fcrkiye Cumhuriyeti&#8217;nin ilgili t\u00fcm kurum ve kurulu\u015flar\u0131na, sahada b\u00fcy\u00fck bir \u00f6zveriyle g\u00f6rev yapan ekiplere ve g\u00f6n\u00fcll\u00fclere \u015f\u00fckranlar\u0131m\u0131 sunuyorum.&#8221;<\/p><\/p>\n","protected":false},"excerpt":{"rendered":"<p>T\u00fcrkiye Cumhurba\u015fkan\u0131 Yard\u0131mc\u0131s\u0131 Cevdet Y\u0131lmaz, Girne a\u00e7\u0131klar\u0131nda yolcu gemisinin alabora olmas\u0131 nedeniyle hayatlar\u0131n\u0131 kaybedenlere rahmet, ailelerine ba\u015fsa\u011fl\u0131\u011f\u0131 diledi. Y\u0131lmaz, NSosyal hesab\u0131ndan yapt\u0131\u011f\u0131 payla\u015f\u0131mda, \u015fu ifadeleri kulland\u0131: &#8220;KKTC&#8217;de meydana gelen elim deniz kazas\u0131nda hayat\u0131n\u0131 kaybeden yolculara Allah&#8217;tan rahmet, ailelerine ve yak\u0131nlar\u0131na sab\u0131r ve ba\u015fsa\u011fl\u0131\u011f\u0131 diliyorum. Kazan\u0131n meydana geldi\u011fi ilk anlardan itibaren y\u00fcr\u00fct\u00fclen h\u0131zl\u0131 ve koordineli \u00e7al\u0131\u015fmalar &hellip;<\/p>\n","protected":false},"author":1,"featured_media":150388,"comment_status":"open","ping_status":"open","sticky":false,"template":"","format":"standard","meta":{"footnotes":""},"categories":[3],"tags":[3702,3866,1645,16445,1870,676,116,966,1972,2548,5153],"class_list":["post-150387","post","type-post","status-publish","format-standard","has-post-thumbnail","hentry","category-turkiye","tag-aciklarindaki","tag-bassagligi","tag-cevdet","tag-gemi","tag-girne","tag-hayatini","tag-icin","tag-kaybedenler","tag-kazasinda","tag-mesaji","tag-yilmazdan"],"_links":{"self":[{"href":"https:\/\/www.kibrishost.com\/tak\/wp-json\/wp\/v2\/posts\/150387"}],"collection":[{"href":"https:\/\/www.kibrishost.com\/tak\/wp-json\/wp\/v2\/posts"}],"about":[{"href":"https:\/\/www.kibrishost.com\/tak\/wp-json\/wp\/v2\/types\/post"}],"author":[{"embeddable":true,"href":"https:\/\/www.kibrishost.com\/tak\/wp-json\/wp\/v2\/users\/1"}],"replies":[{"embeddable":true,"href":"https:\/\/www.kibrishost.com\/tak\/wp-json\/wp\/v2\/comments?post=150387"}],"version-history":[{"count":0,"href":"https:\/\/www.kibrishost.com\/tak\/wp-json\/wp\/v2\/posts\/150387\/revisions"}],"wp:featuredmedia":[{"embeddable":true,"href":"https:\/\/www.kibrishost.com\/tak\/wp-json\/wp\/v2\/media\/150388"}],"wp:attachment":[{"href":"https:\/\/www.kibrishost.com\/tak\/wp-json\/wp\/v2\/media?parent=150387"}],"wp:term":[{"taxonomy":"category","embeddable":true,"href":"https:\/\/www.kibrishost.com\/tak\/wp-json\/wp\/v2\/categories?post=150387"},{"taxonomy":"post_tag","embeddable":true,"href":"https:\/\/www.kibrishost.com\/tak\/wp-json\/wp\/v2\/tags?post=150387"}],"curies":[{"name":"wp","href":"https:\/\/api.w.org\/{rel}","templated":true}]}}