{"id":150385,"date":"2026-08-30T18:20:21","date_gmt":"2026-08-30T15:20:21","guid":{"rendered":"https:\/\/www.kibrishost.com\/tak\/erhurman-arama-kurtarma-calismalari-yogun-bir-sekilde-surduruluyor\/"},"modified":"2026-08-30T18:20:21","modified_gmt":"2026-08-30T15:20:21","slug":"erhurman-arama-kurtarma-calismalari-yogun-bir-sekilde-surduruluyor","status":"publish","type":"post","link":"https:\/\/www.kibrishost.com\/tak\/erhurman-arama-kurtarma-calismalari-yogun-bir-sekilde-surduruluyor\/","title":{"rendered":"Erh\u00fcrman: \u201cArama-kurtarma \u00e7al\u0131\u015fmalar\u0131 yo\u011fun bir \u015fekilde s\u00fcrd\u00fcr\u00fcl\u00fcyor\u201d"},"content":{"rendered":"<p>Cumhurba\u015fkan\u0131 Tufan Erh\u00fcrman, Girne a\u00e7\u0131klar\u0131nda meydana gelen gemi kazas\u0131n\u0131n ard\u0131ndan arama-kurtarma \u00e7al\u0131\u015fmalar\u0131n\u0131n yo\u011fun bir \u015fekilde s\u00fcrd\u00fcr\u00fcld\u00fc\u011f\u00fcn\u00fc belirtti.<\/p>\n<p>Cumhurba\u015fkan\u0131 Tufan Erh\u00fcrman BRT\u2019de son durumla ilgili bilgileri aktard\u0131.<\/p>\n<p>Gemide 259 yolcu ve 8 m\u00fcrettebat olmak \u00fczere toplam 267 ki\u015finin bulundu\u011funu belirten Erh\u00fcrman, \u015fu ana kadar 244 ki\u015fiye ula\u015f\u0131ld\u0131\u011f\u0131n\u0131 kaydetti. Bunlardan 237\u2019sinin sa\u011f olarak kurtar\u0131ld\u0131\u011f\u0131n\u0131, 7 ki\u015finin ise hayat\u0131n\u0131 kaybetti\u011fini a\u00e7\u0131klad\u0131.<\/p>\n<p>Cumhurba\u015fkan\u0131 Erh\u00fcrman, ya\u015fanan durumdan duyduklar\u0131 derin \u00fcz\u00fcnt\u00fcy\u00fc ifade ederek, hen\u00fcz 23 ki\u015fiye ula\u015f\u0131lamad\u0131\u011f\u0131n\u0131 belirtti.<\/p>\n<p>Arama-kurtarma ekiplerinin kalan 23 ki\u015fiye ula\u015fabilmek i\u00e7in yo\u011fun \u015fekilde \u00e7al\u0131\u015ft\u0131\u011f\u0131n\u0131 ifade eden Cumhurba\u015fkan\u0131 Erh\u00fcrman, T\u00fcrkiye Cumhuriyeti\u2019nden de destek geldi\u011fini s\u00f6yledi ve \u015fu ana kadar T\u00fcrkiye&#8217;den 5 Sahil G\u00fcvenlik botu, 2 helikopter ve 6 Deniz Kuvvetleri unsurunun b\u00f6lgeye sevk edildi\u011fini a\u00e7\u0131klad\u0131.<\/p>\n<p>Geminin batt\u0131\u011f\u0131 b\u00f6lgenin 514 metre derinlikte olmas\u0131n\u0131n \u00e7al\u0131\u015fmalar\u0131 g\u00fc\u00e7le\u015ftirdi\u011fine dikkat \u00e7eken Cumhurba\u015fkan\u0131 Erh\u00fcrman, geminin i\u00e7erisinde bulunabilecek ki\u015filere ula\u015fman\u0131n mevcut ko\u015fullarda kolay g\u00f6r\u00fcnmedi\u011fini belirtti. Cumhurba\u015fkan\u0131 Erh\u00fcrman, farkl\u0131 teknolojik imk\u00e2nlar kullan\u0131larak arama \u00e7al\u0131\u015fmalar\u0131n\u0131n s\u00fcrd\u00fcr\u00fcld\u00fc\u011f\u00fcn\u00fc kaydetti.<\/p>\n<p>Kriz masas\u0131ndaki \u00e7al\u0131\u015fmalar\u0131n ilgili t\u00fcm kurumlar\u0131n koordinasyonunda y\u00fcr\u00fct\u00fcld\u00fc\u011f\u00fcn\u00fc belirten Cumhurba\u015fkan\u0131 Erh\u00fcrman, \u201cB\u00fct\u00fcn kolluk komutanlar\u0131m\u0131z burada, Deniz Kuvvetleri Komutan\u0131m\u0131z burada, Sivil Savunma Te\u015fkilat Ba\u015fkan\u0131m\u0131z da \u00e7ok yo\u011fun bir \u00e7aba g\u00f6steriyor\u201d dedi.<\/p>\n<p>Devletin ilgili kurumlar\u0131n\u0131n kat\u0131l\u0131m\u0131yla Kriz Masas\u0131 olu\u015fturuldu\u011funu da belirten Cumhurba\u015fkan\u0131 Erh\u00fcrman, yaral\u0131lar\u0131n durumu ve tedavi s\u00fcre\u00e7lerinin Sa\u011fl\u0131k Bakanl\u0131\u011f\u0131 taraf\u0131ndan yak\u0131ndan takip edildi\u011fini, 2 \u00e7ocu\u011fun sadece takip amac\u0131 ile yo\u011fun bak\u0131mda oldu\u011funu ifade etti.<\/p>\n<p>Yak\u0131nlar\u0131ndan haber alamayan ailelere de seslenen Erh\u00fcrman, bilgi almak isteyenlerin Sa\u011fl\u0131k Bakanl\u0131\u011f\u0131 ile ileti\u015fime ge\u00e7ebilece\u011fini belirtti. Sa\u011fl\u0131k Bakanl\u0131\u011f\u0131\u2019n\u0131n ileti\u015fim hatlar\u0131n\u0131n da kamuoyuyla payla\u015f\u0131laca\u011f\u0131n\u0131 kaydetti.<\/p>\n<p>Cumhurba\u015fkan\u0131 Erh\u00fcrman, ellerindeki mevcut verilerin bunlar oldu\u011funu belirterek, herkese ge\u00e7mi\u015f olsun dileklerini iletti ve hayat\u0131n\u0131 kaybedenler i\u00e7in ba\u015fsa\u011fl\u0131\u011f\u0131 diledi.<\/p><\/p>\n","protected":false},"excerpt":{"rendered":"<p>Cumhurba\u015fkan\u0131 Tufan Erh\u00fcrman, Girne a\u00e7\u0131klar\u0131nda meydana gelen gemi kazas\u0131n\u0131n ard\u0131ndan arama-kurtarma \u00e7al\u0131\u015fmalar\u0131n\u0131n yo\u011fun bir \u015fekilde s\u00fcrd\u00fcr\u00fcld\u00fc\u011f\u00fcn\u00fc belirtti. Cumhurba\u015fkan\u0131 Tufan Erh\u00fcrman BRT\u2019de son durumla ilgili bilgileri aktard\u0131. Gemide 259 yolcu ve 8 m\u00fcrettebat olmak \u00fczere toplam 267 ki\u015finin bulundu\u011funu belirten Erh\u00fcrman, \u015fu ana kadar 244 ki\u015fiye ula\u015f\u0131ld\u0131\u011f\u0131n\u0131 kaydetti. Bunlardan 237\u2019sinin sa\u011f olarak kurtar\u0131ld\u0131\u011f\u0131n\u0131, 7 ki\u015finin ise &hellip;<\/p>\n","protected":false},"author":1,"featured_media":150386,"comment_status":"open","ping_status":"open","sticky":false,"template":"","format":"standard","meta":{"footnotes":""},"categories":[2],"tags":[48615,64,784,494,658,20738,4060],"class_list":["post-150385","post","type-post","status-publish","format-standard","has-post-thumbnail","hentry","category-kibris","tag-arama-kurtarma","tag-bir","tag-calismalari","tag-erhurman","tag-sekilde","tag-surduruluyor","tag-yogun"],"_links":{"self":[{"href":"https:\/\/www.kibrishost.com\/tak\/wp-json\/wp\/v2\/posts\/150385"}],"collection":[{"href":"https:\/\/www.kibrishost.com\/tak\/wp-json\/wp\/v2\/posts"}],"about":[{"href":"https:\/\/www.kibrishost.com\/tak\/wp-json\/wp\/v2\/types\/post"}],"author":[{"embeddable":true,"href":"https:\/\/www.kibrishost.com\/tak\/wp-json\/wp\/v2\/users\/1"}],"replies":[{"embeddable":true,"href":"https:\/\/www.kibrishost.com\/tak\/wp-json\/wp\/v2\/comments?post=150385"}],"version-history":[{"count":0,"href":"https:\/\/www.kibrishost.com\/tak\/wp-json\/wp\/v2\/posts\/150385\/revisions"}],"wp:featuredmedia":[{"embeddable":true,"href":"https:\/\/www.kibrishost.com\/tak\/wp-json\/wp\/v2\/media\/150386"}],"wp:attachment":[{"href":"https:\/\/www.kibrishost.com\/tak\/wp-json\/wp\/v2\/media?parent=150385"}],"wp:term":[{"taxonomy":"category","embeddable":true,"href":"https:\/\/www.kibrishost.com\/tak\/wp-json\/wp\/v2\/categories?post=150385"},{"taxonomy":"post_tag","embeddable":true,"href":"https:\/\/www.kibrishost.com\/tak\/wp-json\/wp\/v2\/tags?post=150385"}],"curies":[{"name":"wp","href":"https:\/\/api.w.org\/{rel}","templated":true}]}}