{"id":150375,"date":"2026-08-30T17:50:19","date_gmt":"2026-08-30T14:50:19","guid":{"rendered":"https:\/\/www.kibrishost.com\/tak\/disisleri-bakani-tahsin-ertugruloglu-feribot-kazasindan-duydugu-derin-uzuntuyu-ifade-etti\/"},"modified":"2026-08-30T17:50:19","modified_gmt":"2026-08-30T14:50:19","slug":"disisleri-bakani-tahsin-ertugruloglu-feribot-kazasindan-duydugu-derin-uzuntuyu-ifade-etti","status":"publish","type":"post","link":"https:\/\/www.kibrishost.com\/tak\/disisleri-bakani-tahsin-ertugruloglu-feribot-kazasindan-duydugu-derin-uzuntuyu-ifade-etti\/","title":{"rendered":"D\u0131\u015fi\u015fleri Bakan\u0131 Tahsin Ertu\u011frulo\u011flu feribot kazas\u0131ndan duydu\u011fu derin \u00fcz\u00fcnt\u00fcy\u00fc ifade etti"},"content":{"rendered":"<p>D\u0131\u015fi\u015fleri Bakan\u0131 Tahsin Ertu\u011frulo\u011flu Girne a\u00e7\u0131klar\u0131nda bug\u00fcn meydana gelen feribot kazas\u0131ndan duydu\u011fu derin \u00fcz\u00fcnt\u00fcy\u00fc ifade etti.<\/p>\n<p>Kazayla ilgili mesaj yay\u0131mlayan Ertu\u011frulo\u011flu, \u201cKazada hayat\u0131n\u0131 kaybedenlere Allah\u2019tan rahmet; kederli ailelerine, yak\u0131nlar\u0131na, halk\u0131m\u0131za ba\u015fsa\u011fl\u0131\u011f\u0131 ile sab\u0131r; sa\u011f kurtar\u0131lan vatanda\u015flar\u0131m\u0131za acil \u015fifalar ve ge\u00e7mi\u015f olsun dileklerimi iletiyorum. Temennim, kaza an\u0131ndan itibaren h\u0131zla harekete ge\u00e7en KKTC ve T\u00fcrkiye Cumhuriyeti arama kurtarma ekiplerinin halen kay\u0131p olan yolcular\u0131 en erken zamanda sa\u011f salim kurtarmalar\u0131d\u0131r. Hepimizin ba\u015f\u0131 sa\u011f olsun, hepimize ge\u00e7mi\u015f olsun.\u201d dedi.<\/p>\n<\/p>\n<p>\u00a0<\/p><\/p>\n","protected":false},"excerpt":{"rendered":"<p>D\u0131\u015fi\u015fleri Bakan\u0131 Tahsin Ertu\u011frulo\u011flu Girne a\u00e7\u0131klar\u0131nda bug\u00fcn meydana gelen feribot kazas\u0131ndan duydu\u011fu derin \u00fcz\u00fcnt\u00fcy\u00fc ifade etti. Kazayla ilgili mesaj yay\u0131mlayan Ertu\u011frulo\u011flu, \u201cKazada hayat\u0131n\u0131 kaybedenlere Allah\u2019tan rahmet; kederli ailelerine, yak\u0131nlar\u0131na, halk\u0131m\u0131za ba\u015fsa\u011fl\u0131\u011f\u0131 ile sab\u0131r; sa\u011f kurtar\u0131lan vatanda\u015flar\u0131m\u0131za acil \u015fifalar ve ge\u00e7mi\u015f olsun dileklerimi iletiyorum. Temennim, kaza an\u0131ndan itibaren h\u0131zla harekete ge\u00e7en KKTC ve T\u00fcrkiye Cumhuriyeti arama &hellip;<\/p>\n","protected":false},"author":1,"featured_media":150376,"comment_status":"open","ping_status":"open","sticky":false,"template":"","format":"standard","meta":{"footnotes":""},"categories":[2],"tags":[314,2703,1019,8928,2628,290,11907,4700,4273,3229,43565],"class_list":["post-150375","post","type-post","status-publish","format-standard","has-post-thumbnail","hentry","category-kibris","tag-bakani","tag-derin","tag-disisleri","tag-duydugu","tag-ertugruloglu","tag-etti","tag-feribot","tag-ifade","tag-kazasindan","tag-tahsin","tag-uzuntuyu"],"_links":{"self":[{"href":"https:\/\/www.kibrishost.com\/tak\/wp-json\/wp\/v2\/posts\/150375"}],"collection":[{"href":"https:\/\/www.kibrishost.com\/tak\/wp-json\/wp\/v2\/posts"}],"about":[{"href":"https:\/\/www.kibrishost.com\/tak\/wp-json\/wp\/v2\/types\/post"}],"author":[{"embeddable":true,"href":"https:\/\/www.kibrishost.com\/tak\/wp-json\/wp\/v2\/users\/1"}],"replies":[{"embeddable":true,"href":"https:\/\/www.kibrishost.com\/tak\/wp-json\/wp\/v2\/comments?post=150375"}],"version-history":[{"count":0,"href":"https:\/\/www.kibrishost.com\/tak\/wp-json\/wp\/v2\/posts\/150375\/revisions"}],"wp:featuredmedia":[{"embeddable":true,"href":"https:\/\/www.kibrishost.com\/tak\/wp-json\/wp\/v2\/media\/150376"}],"wp:attachment":[{"href":"https:\/\/www.kibrishost.com\/tak\/wp-json\/wp\/v2\/media?parent=150375"}],"wp:term":[{"taxonomy":"category","embeddable":true,"href":"https:\/\/www.kibrishost.com\/tak\/wp-json\/wp\/v2\/categories?post=150375"},{"taxonomy":"post_tag","embeddable":true,"href":"https:\/\/www.kibrishost.com\/tak\/wp-json\/wp\/v2\/tags?post=150375"}],"curies":[{"name":"wp","href":"https:\/\/api.w.org\/{rel}","templated":true}]}}