{"id":150370,"date":"2026-08-30T17:40:20","date_gmt":"2026-08-30T14:40:20","guid":{"rendered":"https:\/\/www.kibrishost.com\/tak\/gemiden-kurtarilan-20den-fazla-kisi-dr-burhan-nalbantoglu-devlet-hastanesinde\/"},"modified":"2026-08-30T17:40:25","modified_gmt":"2026-08-30T14:40:25","slug":"gemiden-kurtarilan-20den-fazla-kisi-dr-burhan-nalbantoglu-devlet-hastanesinde","status":"publish","type":"post","link":"https:\/\/www.kibrishost.com\/tak\/gemiden-kurtarilan-20den-fazla-kisi-dr-burhan-nalbantoglu-devlet-hastanesinde\/","title":{"rendered":"Gemiden kurtar\u0131lan 20&#8217;den fazla ki\u015fi Dr. Burhan Nalbanto\u011flu Devlet Hastanesi\u2019nde"},"content":{"rendered":"<p>Girne\u2019de alabora olan gemiden tahliye edilen 20\u2019nin \u00fczerindeki ki\u015fi Lefko\u015fa Dr. Burhan Nalbanto\u011flu Devlet Hastanesi\u2019nde, 18 ya\u015f\u0131n alt\u0131ndaki \u00e7ocuklar ise Acil Durum Hastanesi \u00c7ocuk Servisi\u2019nde m\u00fc\u015fahede alt\u0131na al\u0131nd\u0131.<\/p>\n<p>Yolcu yak\u0131nlar\u0131 hastane \u00f6n\u00fcnde endi\u015feli bekleyi\u015fini s\u00fcrd\u00fcr\u00fcrken, yetkililerin hastane ziyaretleri de devam ediyor.<\/p>\n<p>Cumhuriyet\u00e7i T\u00fcrk Partisi (CTP) Genel Ba\u015fkan\u0131 S\u0131la Usar \u0130ncirli, toplumun b\u00fcy\u00fck ve ortak bir ac\u0131y\u0131 payla\u015ft\u0131\u011f\u0131n\u0131 belirterek \u00f6nceli\u011fin insan hayat\u0131 ve yaralar\u0131n sar\u0131lmas\u0131 oldu\u011funu vurgulad\u0131. <\/p>\n<p>\u0130ncirli; arama-kurtarma \u00e7al\u0131\u015fmalar\u0131n\u0131 yerinde takip edip yaral\u0131lar\u0131 ziyaret ettiklerini ifade etti.<\/p>\n<p>Kurtulan ki\u015filerin b\u00fcy\u00fck bir travma ge\u00e7irdi\u011fine dikkat \u00e7eken \u0130ncirli, bar\u0131nma, g\u0131da, giyim ve psikolojik deste\u011fin h\u0131zla koordine edilmesi gerekti\u011fini belirtti. <\/p>\n<p>Olay\u0131n t\u00fcm y\u00f6nleriyle incelenmesi gerekti\u011fini kaydeden \u0130ncirli, \u201cBu, bug\u00fcn\u00fcn i\u015fi de\u011fildir; bug\u00fcn\u00fcn i\u015fi yaralar\u0131 sarmak ve ac\u0131s\u0131 olan insanlar\u0131n yan\u0131nda durmakt\u0131r\u201d dedi. <\/p>\n<p>\u0130ncirli, hayat\u0131n\u0131 kaybedenlere rahmet, yaral\u0131lara acil \u015fifalar diledi.<\/p>\n<p>-Harmanc\u0131: &#8220;Birinci \u00f6ncelik kay\u0131plara ula\u015fmak&#8221;<\/p>\n<p>Lefko\u015fa T\u00fcrk Belediyesi (LTB) Ba\u015fkan\u0131 Mehmet Harmanc\u0131 da \u00fclkenin en b\u00fcy\u00fck felaketlerden biriyle kar\u015f\u0131 kar\u015f\u0131ya oldu\u011funu belirterek facian\u0131n t\u00fcm y\u00f6nleriyle soru\u015fturulmas\u0131 gerekti\u011fini vurgulad\u0131.<\/p>\n<p>Harmanc\u0131, hastanedeki yaral\u0131lar\u0131n k\u0131yafet gibi baz\u0131 ihtiya\u00e7lar\u0131n\u0131n kar\u015f\u0131lanmas\u0131 i\u00e7in gerekli koordinasyonun sa\u011fland\u0131\u011f\u0131n\u0131 ifade etti. <\/p>\n<p>\u015eu anki birinci \u00f6nceli\u011fin denizdeki kay\u0131plara ula\u015fmak oldu\u011funu belirten Harmanc\u0131, olay\u0131n hukuki ve teknik boyutuna da dikkat \u00e7ekti. <\/p>\n<p>Arama-kurtarma \u00e7al\u0131\u015fmalar\u0131ndan olumlu haberler gelmesi temennisinde bulunan LTB Ba\u015fkan\u0131 Harmanc\u0131, t\u00fcm topluma ba\u015fsa\u011fl\u0131\u011f\u0131 diledi.<\/p>\n<p>Haber ve Foto\u011fraf: Filiz Seyis<\/p>\n<\/p>\n<p>\u00a0<\/p>\n<\/p>\n<p><img decoding=\"async\" width=\"1024\" height=\"768\" src=\"https:\/\/www.kibrishost.com\/tak\/wp-content\/uploads\/2026\/08\/gemiden-kurtarilan-20den-fazla-kisi-dr-burhan-nalbantoglu-devlet-hastanesinde-1-1024x768.jpeg\" class=\"aligncenter wp-image-150372\" alt=\"Gemiden kurtar\u0131lan 20&#039;den fazla ki\u015fi Dr. Burhan Nalbanto\u011flu Devlet Hastanesi\u2019nde\" loading=\"lazy\" srcset=\"https:\/\/www.kibrishost.com\/tak\/wp-content\/uploads\/2026\/08\/gemiden-kurtarilan-20den-fazla-kisi-dr-burhan-nalbantoglu-devlet-hastanesinde-1-1024x768.jpeg 1024w, https:\/\/www.kibrishost.com\/tak\/wp-content\/uploads\/2026\/08\/gemiden-kurtarilan-20den-fazla-kisi-dr-burhan-nalbantoglu-devlet-hastanesinde-1-300x225.jpeg 300w, https:\/\/www.kibrishost.com\/tak\/wp-content\/uploads\/2026\/08\/gemiden-kurtarilan-20den-fazla-kisi-dr-burhan-nalbantoglu-devlet-hastanesinde-1-768x576.jpeg 768w, https:\/\/www.kibrishost.com\/tak\/wp-content\/uploads\/2026\/08\/gemiden-kurtarilan-20den-fazla-kisi-dr-burhan-nalbantoglu-devlet-hastanesinde-1-1536x1152.jpeg 1536w, https:\/\/www.kibrishost.com\/tak\/wp-content\/uploads\/2026\/08\/gemiden-kurtarilan-20den-fazla-kisi-dr-burhan-nalbantoglu-devlet-hastanesinde-1.jpeg 1600w\" sizes=\"(max-width: 1024px) 100vw, 1024px\" \/><\/p>\n<p><img decoding=\"async\" width=\"1024\" height=\"768\" src=\"https:\/\/www.kibrishost.com\/tak\/wp-content\/uploads\/2026\/08\/gemiden-kurtarilan-20den-fazla-kisi-dr-burhan-nalbantoglu-devlet-hastanesinde-2-1024x768.jpeg\" class=\"aligncenter wp-image-150373\" alt=\"Gemiden kurtar\u0131lan 20&#039;den fazla ki\u015fi Dr. Burhan Nalbanto\u011flu Devlet Hastanesi\u2019nde\" loading=\"lazy\" srcset=\"https:\/\/www.kibrishost.com\/tak\/wp-content\/uploads\/2026\/08\/gemiden-kurtarilan-20den-fazla-kisi-dr-burhan-nalbantoglu-devlet-hastanesinde-2-1024x768.jpeg 1024w, https:\/\/www.kibrishost.com\/tak\/wp-content\/uploads\/2026\/08\/gemiden-kurtarilan-20den-fazla-kisi-dr-burhan-nalbantoglu-devlet-hastanesinde-2-300x225.jpeg 300w, https:\/\/www.kibrishost.com\/tak\/wp-content\/uploads\/2026\/08\/gemiden-kurtarilan-20den-fazla-kisi-dr-burhan-nalbantoglu-devlet-hastanesinde-2-768x576.jpeg 768w, https:\/\/www.kibrishost.com\/tak\/wp-content\/uploads\/2026\/08\/gemiden-kurtarilan-20den-fazla-kisi-dr-burhan-nalbantoglu-devlet-hastanesinde-2-1536x1152.jpeg 1536w, https:\/\/www.kibrishost.com\/tak\/wp-content\/uploads\/2026\/08\/gemiden-kurtarilan-20den-fazla-kisi-dr-burhan-nalbantoglu-devlet-hastanesinde-2.jpeg 1600w\" sizes=\"(max-width: 1024px) 100vw, 1024px\" \/><\/p>\n","protected":false},"excerpt":{"rendered":"<p>Girne\u2019de alabora olan gemiden tahliye edilen 20\u2019nin \u00fczerindeki ki\u015fi Lefko\u015fa Dr. Burhan Nalbanto\u011flu Devlet Hastanesi\u2019nde, 18 ya\u015f\u0131n alt\u0131ndaki \u00e7ocuklar ise Acil Durum Hastanesi \u00c7ocuk Servisi\u2019nde m\u00fc\u015fahede alt\u0131na al\u0131nd\u0131. Yolcu yak\u0131nlar\u0131 hastane \u00f6n\u00fcnde endi\u015feli bekleyi\u015fini s\u00fcrd\u00fcr\u00fcrken, yetkililerin hastane ziyaretleri de devam ediyor. Cumhuriyet\u00e7i T\u00fcrk Partisi (CTP) Genel Ba\u015fkan\u0131 S\u0131la Usar \u0130ncirli, toplumun b\u00fcy\u00fck ve ortak bir &hellip;<\/p>\n","protected":false},"author":1,"featured_media":150371,"comment_status":"open","ping_status":"open","sticky":false,"template":"","format":"standard","meta":{"footnotes":""},"categories":[2],"tags":[10271,4057,102,2055,1303,44464,4059,303,17540,4058],"class_list":["post-150370","post","type-post","status-publish","format-standard","has-post-thumbnail","hentry","category-kibris","tag-20den","tag-burhan","tag-devlet","tag-dr","tag-fazla","tag-gemiden","tag-hastanesinde","tag-kisi","tag-kurtarilan","tag-nalbantoglu"],"_links":{"self":[{"href":"https:\/\/www.kibrishost.com\/tak\/wp-json\/wp\/v2\/posts\/150370"}],"collection":[{"href":"https:\/\/www.kibrishost.com\/tak\/wp-json\/wp\/v2\/posts"}],"about":[{"href":"https:\/\/www.kibrishost.com\/tak\/wp-json\/wp\/v2\/types\/post"}],"author":[{"embeddable":true,"href":"https:\/\/www.kibrishost.com\/tak\/wp-json\/wp\/v2\/users\/1"}],"replies":[{"embeddable":true,"href":"https:\/\/www.kibrishost.com\/tak\/wp-json\/wp\/v2\/comments?post=150370"}],"version-history":[{"count":1,"href":"https:\/\/www.kibrishost.com\/tak\/wp-json\/wp\/v2\/posts\/150370\/revisions"}],"predecessor-version":[{"id":150374,"href":"https:\/\/www.kibrishost.com\/tak\/wp-json\/wp\/v2\/posts\/150370\/revisions\/150374"}],"wp:featuredmedia":[{"embeddable":true,"href":"https:\/\/www.kibrishost.com\/tak\/wp-json\/wp\/v2\/media\/150371"}],"wp:attachment":[{"href":"https:\/\/www.kibrishost.com\/tak\/wp-json\/wp\/v2\/media?parent=150370"}],"wp:term":[{"taxonomy":"category","embeddable":true,"href":"https:\/\/www.kibrishost.com\/tak\/wp-json\/wp\/v2\/categories?post=150370"},{"taxonomy":"post_tag","embeddable":true,"href":"https:\/\/www.kibrishost.com\/tak\/wp-json\/wp\/v2\/tags?post=150370"}],"curies":[{"name":"wp","href":"https:\/\/api.w.org\/{rel}","templated":true}]}}