{"id":150366,"date":"2026-08-30T17:20:30","date_gmt":"2026-08-30T14:20:30","guid":{"rendered":"https:\/\/www.kibrishost.com\/tak\/yeni-parti-genel-baskani-ozel-girne-aciklarinda-alabora-olan-yolcu-gemisiyle-ilgili-heyet-gorevlendirdi\/"},"modified":"2026-08-30T17:20:30","modified_gmt":"2026-08-30T14:20:30","slug":"yeni-parti-genel-baskani-ozel-girne-aciklarinda-alabora-olan-yolcu-gemisiyle-ilgili-heyet-gorevlendirdi","status":"publish","type":"post","link":"https:\/\/www.kibrishost.com\/tak\/yeni-parti-genel-baskani-ozel-girne-aciklarinda-alabora-olan-yolcu-gemisiyle-ilgili-heyet-gorevlendirdi\/","title":{"rendered":"Yeni Parti Genel Ba\u015fkan\u0131 \u00d6zel, Girne a\u00e7\u0131klar\u0131nda alabora olan yolcu gemisiyle ilgili heyet g\u00f6revlendirdi"},"content":{"rendered":"<p>Yeni Parti Genel Ba\u015fkan\u0131 \u00d6zg\u00fcr \u00d6zel, Girne a\u00e7\u0131klar\u0131nda alabora olan gemide hayat\u0131n\u0131 kaybedenlere Allah&#8217;tan rahmet, ailelerine ve K\u0131br\u0131s T\u00fcrk halk\u0131na ba\u015fsa\u011fl\u0131\u011f\u0131, yaral\u0131lara ise acil \u015fifalar diledi.<\/p>\n<p>\u00d6zel, sosyal medya hesab\u0131ndan, Girne a\u00e7\u0131klar\u0131nda alabora olan gemiyle ilgili payla\u015f\u0131mda bulundu.<\/p>\n<p>Olay\u0131 b\u00fcy\u00fck bir \u00fcz\u00fcnt\u00fc ve endi\u015feyle takip ettiklerini belirten \u00d6zel, Cumhuriyet\u00e7i T\u00fcrk Partisi (CTP) Genel Ba\u015fkan\u0131 S\u0131la Usar \u0130ncirli ile telefonda g\u00f6r\u00fc\u015ferek bilgi ald\u0131klar\u0131n\u0131 aktard\u0131.<\/p>\n<p>\u00d6zel, partisini temsilen bir heyeti de Kuzey K\u0131br\u0131s T\u00fcrk Cumhuriyeti&#8217;ne (KKTC) gitmek \u00fczere g\u00f6revlendirdiklerini de bildirdi.<\/p>\n<p>Yeni Parti Grup Ba\u015fkanvekili Ali Mahir Ba\u015far\u0131r ba\u015fkanl\u0131\u011f\u0131ndaki, Antalya Milletvekili Aliye Co\u015far, Adana Milletvekili Ayhan Barut, Mersin Milletvekili Talat Din\u00e7er, Adana Milletvekili Bilal Bilici, Mersin \u0130l Ba\u015fkan\u0131 Cengiz G\u00f6k\u00e7el ve Silifke \u0130l\u00e7e Ba\u015fkan\u0131 Zarif Korkmaz&#8217;\u0131n yer ald\u0131\u011f\u0131 heyetin, KKTC&#8217;ye gelmek \u00fczere yola \u00e7\u0131kt\u0131\u011f\u0131 kaydedildi.<\/p><\/p>\n","protected":false},"excerpt":{"rendered":"<p>Yeni Parti Genel Ba\u015fkan\u0131 \u00d6zg\u00fcr \u00d6zel, Girne a\u00e7\u0131klar\u0131nda alabora olan gemide hayat\u0131n\u0131 kaybedenlere Allah&#8217;tan rahmet, ailelerine ve K\u0131br\u0131s T\u00fcrk halk\u0131na ba\u015fsa\u011fl\u0131\u011f\u0131, yaral\u0131lara ise acil \u015fifalar diledi. \u00d6zel, sosyal medya hesab\u0131ndan, Girne a\u00e7\u0131klar\u0131nda alabora olan gemiyle ilgili payla\u015f\u0131mda bulundu. Olay\u0131 b\u00fcy\u00fck bir \u00fcz\u00fcnt\u00fc ve endi\u015feyle takip ettiklerini belirten \u00d6zel, Cumhuriyet\u00e7i T\u00fcrk Partisi (CTP) Genel Ba\u015fkan\u0131 S\u0131la &hellip;<\/p>\n","protected":false},"author":1,"featured_media":150367,"comment_status":"open","ping_status":"open","sticky":false,"template":"","format":"standard","meta":{"footnotes":""},"categories":[3],"tags":[1504,3566,103,24717,493,1870,34826,817,2322,2255,3575,3364,325,706],"class_list":["post-150366","post","type-post","status-publish","format-standard","has-post-thumbnail","hentry","category-turkiye","tag-aciklarinda","tag-alabora","tag-baskani","tag-gemisiyle","tag-genel","tag-girne","tag-gorevlendirdi","tag-heyet","tag-ilgili","tag-olan","tag-ozel","tag-parti","tag-yeni","tag-yolcu"],"_links":{"self":[{"href":"https:\/\/www.kibrishost.com\/tak\/wp-json\/wp\/v2\/posts\/150366"}],"collection":[{"href":"https:\/\/www.kibrishost.com\/tak\/wp-json\/wp\/v2\/posts"}],"about":[{"href":"https:\/\/www.kibrishost.com\/tak\/wp-json\/wp\/v2\/types\/post"}],"author":[{"embeddable":true,"href":"https:\/\/www.kibrishost.com\/tak\/wp-json\/wp\/v2\/users\/1"}],"replies":[{"embeddable":true,"href":"https:\/\/www.kibrishost.com\/tak\/wp-json\/wp\/v2\/comments?post=150366"}],"version-history":[{"count":0,"href":"https:\/\/www.kibrishost.com\/tak\/wp-json\/wp\/v2\/posts\/150366\/revisions"}],"wp:featuredmedia":[{"embeddable":true,"href":"https:\/\/www.kibrishost.com\/tak\/wp-json\/wp\/v2\/media\/150367"}],"wp:attachment":[{"href":"https:\/\/www.kibrishost.com\/tak\/wp-json\/wp\/v2\/media?parent=150366"}],"wp:term":[{"taxonomy":"category","embeddable":true,"href":"https:\/\/www.kibrishost.com\/tak\/wp-json\/wp\/v2\/categories?post=150366"},{"taxonomy":"post_tag","embeddable":true,"href":"https:\/\/www.kibrishost.com\/tak\/wp-json\/wp\/v2\/tags?post=150366"}],"curies":[{"name":"wp","href":"https:\/\/api.w.org\/{rel}","templated":true}]}}