{"id":150362,"date":"2026-08-30T17:10:31","date_gmt":"2026-08-30T14:10:31","guid":{"rendered":"https:\/\/www.kibrishost.com\/tak\/girne-aciklarinda-yolcu-gemisinin-alabora-olmasinin-ardindan-tasucu-limaninda-kriz-masasi-kuruldu\/"},"modified":"2026-08-30T17:10:31","modified_gmt":"2026-08-30T14:10:31","slug":"girne-aciklarinda-yolcu-gemisinin-alabora-olmasinin-ardindan-tasucu-limaninda-kriz-masasi-kuruldu","status":"publish","type":"post","link":"https:\/\/www.kibrishost.com\/tak\/girne-aciklarinda-yolcu-gemisinin-alabora-olmasinin-ardindan-tasucu-limaninda-kriz-masasi-kuruldu\/","title":{"rendered":"Girne a\u00e7\u0131klar\u0131nda yolcu gemisinin alabora olmas\u0131n\u0131n ard\u0131ndan Ta\u015fucu Liman\u0131&#8217;nda kriz masas\u0131 kuruldu"},"content":{"rendered":"<p>Girne a\u00e7\u0131klar\u0131nda yolcu gemisinin alabora olmas\u0131n\u0131n ard\u0131ndan Mersin&#8217;in Silifke il\u00e7esindeki Ta\u015fucu Liman\u0131&#8217;nda kriz masas\u0131 olu\u015fturuldu.<\/p>\n<p>Kuzey K\u0131br\u0131s T\u00fcrk Cumhuriyeti&#8217;nin (KKTC) Girne Liman\u0131&#8217;ndan Mersin&#8217;in Silifke il\u00e7esindeki Ta\u015fucu Liman\u0131&#8217;na gitmek i\u00e7in demir alan yolcu gemisinin alabora olmas\u0131n\u0131n ard\u0131ndan Mersin Valili\u011fince \u00e7al\u0131\u015fma ba\u015flat\u0131ld\u0131.<\/p>\n<p>Kriz masas\u0131 olu\u015fturulan Ta\u015fucu Liman\u0131&#8217;nda, tedbir ama\u00e7l\u0131 AFAD, UMKE, jandarma, polis ve sa\u011fl\u0131k ekipleri konu\u015fland\u0131r\u0131ld\u0131.<\/p>\n<p>Limana gelen Mersin Valisi Atilla Toros ve Silifke Kaymakam\u0131 Ey\u00fcp F\u0131rat, ilgili kurumlar\u0131n y\u00f6neticileriyle g\u00f6r\u00fc\u015ft\u00fc.<\/p>\n<p>Kazazedelerden baz\u0131lar\u0131n\u0131n Mersin&#8217;deki aileleri de liman\u0131n yolcu terminaline gelmeye ba\u015flad\u0131. Vali Toros, bekleme salonuna al\u0131nan ailelerle g\u00f6r\u00fc\u015ft\u00fc.<\/p><\/p>\n","protected":false},"excerpt":{"rendered":"<p>Girne a\u00e7\u0131klar\u0131nda yolcu gemisinin alabora olmas\u0131n\u0131n ard\u0131ndan Mersin&#8217;in Silifke il\u00e7esindeki Ta\u015fucu Liman\u0131&#8217;nda kriz masas\u0131 olu\u015fturuldu. Kuzey K\u0131br\u0131s T\u00fcrk Cumhuriyeti&#8217;nin (KKTC) Girne Liman\u0131&#8217;ndan Mersin&#8217;in Silifke il\u00e7esindeki Ta\u015fucu Liman\u0131&#8217;na gitmek i\u00e7in demir alan yolcu gemisinin alabora olmas\u0131n\u0131n ard\u0131ndan Mersin Valili\u011fince \u00e7al\u0131\u015fma ba\u015flat\u0131ld\u0131. Kriz masas\u0131 olu\u015fturulan Ta\u015fucu Liman\u0131&#8217;nda, tedbir ama\u00e7l\u0131 AFAD, UMKE, jandarma, polis ve sa\u011fl\u0131k ekipleri konu\u015fland\u0131r\u0131ld\u0131. &hellip;<\/p>\n","protected":false},"author":1,"featured_media":150363,"comment_status":"open","ping_status":"open","sticky":false,"template":"","format":"standard","meta":{"footnotes":""},"categories":[3],"tags":[1504,3566,1411,29025,1870,5695,2867,4401,3395,2006,48612,706],"class_list":["post-150362","post","type-post","status-publish","format-standard","has-post-thumbnail","hentry","category-turkiye","tag-aciklarinda","tag-alabora","tag-ardindan","tag-gemisinin","tag-girne","tag-kriz","tag-kuruldu","tag-limaninda","tag-masasi","tag-olmasinin","tag-tasucu","tag-yolcu"],"_links":{"self":[{"href":"https:\/\/www.kibrishost.com\/tak\/wp-json\/wp\/v2\/posts\/150362"}],"collection":[{"href":"https:\/\/www.kibrishost.com\/tak\/wp-json\/wp\/v2\/posts"}],"about":[{"href":"https:\/\/www.kibrishost.com\/tak\/wp-json\/wp\/v2\/types\/post"}],"author":[{"embeddable":true,"href":"https:\/\/www.kibrishost.com\/tak\/wp-json\/wp\/v2\/users\/1"}],"replies":[{"embeddable":true,"href":"https:\/\/www.kibrishost.com\/tak\/wp-json\/wp\/v2\/comments?post=150362"}],"version-history":[{"count":0,"href":"https:\/\/www.kibrishost.com\/tak\/wp-json\/wp\/v2\/posts\/150362\/revisions"}],"wp:featuredmedia":[{"embeddable":true,"href":"https:\/\/www.kibrishost.com\/tak\/wp-json\/wp\/v2\/media\/150363"}],"wp:attachment":[{"href":"https:\/\/www.kibrishost.com\/tak\/wp-json\/wp\/v2\/media?parent=150362"}],"wp:term":[{"taxonomy":"category","embeddable":true,"href":"https:\/\/www.kibrishost.com\/tak\/wp-json\/wp\/v2\/categories?post=150362"},{"taxonomy":"post_tag","embeddable":true,"href":"https:\/\/www.kibrishost.com\/tak\/wp-json\/wp\/v2\/tags?post=150362"}],"curies":[{"name":"wp","href":"https:\/\/api.w.org\/{rel}","templated":true}]}}