{"id":150350,"date":"2026-08-30T16:40:30","date_gmt":"2026-08-30T13:40:30","guid":{"rendered":"https:\/\/www.kibrishost.com\/tak\/turkiye-cumhurbaskanligi-iletisim-baskani-durandan-bassagiligi-mesaji\/"},"modified":"2026-08-30T16:40:30","modified_gmt":"2026-08-30T13:40:30","slug":"turkiye-cumhurbaskanligi-iletisim-baskani-durandan-bassagiligi-mesaji","status":"publish","type":"post","link":"https:\/\/www.kibrishost.com\/tak\/turkiye-cumhurbaskanligi-iletisim-baskani-durandan-bassagiligi-mesaji\/","title":{"rendered":"T\u00fcrkiye Cumhurba\u015fkanl\u0131\u011f\u0131 \u0130leti\u015fim Ba\u015fkan\u0131 Duran\u2019dan ba\u015fsa\u011f\u0131l\u0131\u011f\u0131 mesaj\u0131"},"content":{"rendered":"<p>T\u00fcrkiye Cumhurba\u015fkanl\u0131\u011f\u0131 \u0130leti\u015fim Ba\u015fkan\u0131 Burhanettin Duran, Girne\u2019de bir yolcu gemisinin alabora olmas\u0131 sonucu ya\u015fanan can kay\u0131plar\u0131ndan dolay\u0131 ba\u015fsa\u011fl\u0131\u011f\u0131 diledi.<\/p>\n<p>Duran, sosyal medya hesab\u0131ndan yapt\u0131\u011f\u0131 a\u00e7\u0131klamada, \u201cGirne a\u00e7\u0131klar\u0131nda su alarak batan yolcu gemisindeki geli\u015fmeler hepimizi derin bir \u015fekilde \u00fczm\u00fc\u015ft\u00fcr. KKTC ve T\u00fcrkiye Cumhuriyeti\u2019nin ilgili kurumlar\u0131n\u0131n koordinasyonu ve ekiplerin s\u00fcratli m\u00fcdahalesiyle y\u00fcr\u00fct\u00fclen arama kurtarma \u00e7al\u0131\u015fmalar\u0131 kapsam\u0131nda yolcular\u0131n b\u00fcy\u00fck \u00e7o\u011funlu\u011fu g\u00fcvenli bir \u015fekilde tahliye edilerek karaya \u00e7\u0131kar\u0131lm\u0131\u015ft\u0131r\u201d dedi.<\/p>\n<p>B\u00f6lgede arama kurtarma \u00e7al\u0131\u015fmalar\u0131n\u0131n, ilgili kurumlarca kesintisiz \u015fekilde s\u00fcrd\u00fcr\u00fcld\u00fc\u011f\u00fcn\u00fc kaydeden Duran, \u201cYa\u015fanan elim olayda hayat\u0131n\u0131 kaybedenlere Allah\u2019tan rahmet, ailelerine ve yak\u0131nlar\u0131na ba\u015fsa\u011fl\u0131\u011f\u0131 diliyorum. Olaydan etkilenen t\u00fcm yolculara ve m\u00fcrettebata ge\u00e7mi\u015f olsun dileklerimi iletiyorum. \u0130fadelerini kulland\u0131.<\/p><\/p>\n","protected":false},"excerpt":{"rendered":"<p>T\u00fcrkiye Cumhurba\u015fkanl\u0131\u011f\u0131 \u0130leti\u015fim Ba\u015fkan\u0131 Burhanettin Duran, Girne\u2019de bir yolcu gemisinin alabora olmas\u0131 sonucu ya\u015fanan can kay\u0131plar\u0131ndan dolay\u0131 ba\u015fsa\u011fl\u0131\u011f\u0131 diledi. Duran, sosyal medya hesab\u0131ndan yapt\u0131\u011f\u0131 a\u00e7\u0131klamada, \u201cGirne a\u00e7\u0131klar\u0131nda su alarak batan yolcu gemisindeki geli\u015fmeler hepimizi derin bir \u015fekilde \u00fczm\u00fc\u015ft\u00fcr. KKTC ve T\u00fcrkiye Cumhuriyeti\u2019nin ilgili kurumlar\u0131n\u0131n koordinasyonu ve ekiplerin s\u00fcratli m\u00fcdahalesiyle y\u00fcr\u00fct\u00fclen arama kurtarma \u00e7al\u0131\u015fmalar\u0131 kapsam\u0131nda yolcular\u0131n &hellip;<\/p>\n","protected":false},"author":1,"featured_media":150351,"comment_status":"open","ping_status":"open","sticky":false,"template":"","format":"standard","meta":{"footnotes":""},"categories":[3],"tags":[103,48610,431,33205,2872,2548,6],"class_list":["post-150350","post","type-post","status-publish","format-standard","has-post-thumbnail","hentry","category-turkiye","tag-baskani","tag-bassagiligi","tag-cumhurbaskanligi","tag-durandan","tag-iletisim","tag-mesaji","tag-turkiye"],"_links":{"self":[{"href":"https:\/\/www.kibrishost.com\/tak\/wp-json\/wp\/v2\/posts\/150350"}],"collection":[{"href":"https:\/\/www.kibrishost.com\/tak\/wp-json\/wp\/v2\/posts"}],"about":[{"href":"https:\/\/www.kibrishost.com\/tak\/wp-json\/wp\/v2\/types\/post"}],"author":[{"embeddable":true,"href":"https:\/\/www.kibrishost.com\/tak\/wp-json\/wp\/v2\/users\/1"}],"replies":[{"embeddable":true,"href":"https:\/\/www.kibrishost.com\/tak\/wp-json\/wp\/v2\/comments?post=150350"}],"version-history":[{"count":0,"href":"https:\/\/www.kibrishost.com\/tak\/wp-json\/wp\/v2\/posts\/150350\/revisions"}],"wp:featuredmedia":[{"embeddable":true,"href":"https:\/\/www.kibrishost.com\/tak\/wp-json\/wp\/v2\/media\/150351"}],"wp:attachment":[{"href":"https:\/\/www.kibrishost.com\/tak\/wp-json\/wp\/v2\/media?parent=150350"}],"wp:term":[{"taxonomy":"category","embeddable":true,"href":"https:\/\/www.kibrishost.com\/tak\/wp-json\/wp\/v2\/categories?post=150350"},{"taxonomy":"post_tag","embeddable":true,"href":"https:\/\/www.kibrishost.com\/tak\/wp-json\/wp\/v2\/tags?post=150350"}],"curies":[{"name":"wp","href":"https:\/\/api.w.org\/{rel}","templated":true}]}}