{"id":150340,"date":"2026-08-30T16:00:55","date_gmt":"2026-08-30T13:00:55","guid":{"rendered":"https:\/\/www.kibrishost.com\/tak\/basbakan-ustel-girne-limaninda-cok-uzgunuz-can-kaybimiz-var\/"},"modified":"2026-08-30T16:00:55","modified_gmt":"2026-08-30T13:00:55","slug":"basbakan-ustel-girne-limaninda-cok-uzgunuz-can-kaybimiz-var","status":"publish","type":"post","link":"https:\/\/www.kibrishost.com\/tak\/basbakan-ustel-girne-limaninda-cok-uzgunuz-can-kaybimiz-var\/","title":{"rendered":"Ba\u015fbakan \u00dcstel Girne Liman\u0131&#8217;nda&#8230;&#8221;\u00c7ok \u00fczg\u00fcn\u00fcz can kayb\u0131m\u0131z var&#8221;"},"content":{"rendered":"<p>Ba\u015fbakan \u00dcnal \u00dcstel, Girne a\u00e7\u0131klar\u0131ndaki yolcu gemisinde ya\u015fanan kazada can kay\u0131plar\u0131 oldu\u011funu s\u00f6yledi.<\/p>\n<p>\u00dcstel, kurtarma \u00e7al\u0131\u015fmalar\u0131n\u0131 yerinden takip etmek \u00fczere Girne Liman\u0131&#8217;na gitti.<\/p>\n<p>Ba\u015fbakanl\u0131k\u2019tan yap\u0131lan yaz\u0131l\u0131 a\u00e7\u0131klamaya g\u00f6re, \u00dcstel burada yapt\u0131\u011f\u0131 a\u00e7\u0131klamada, 258 yolcu, 8 m\u00fcrettebat bulunan geminin Girne Liman\u0131&#8217;na 7 kilometre a\u00e7\u0131kta alabora oldu\u011funu s\u00f6yledi.<\/p>\n<p>\u00dcstel, Sivil Savunma, Sahil G\u00fcvenlik ve di\u011fer t\u00fcm imkanlar\u0131n seferber edilerek kurtarma \u00e7al\u0131\u015fmalar\u0131n\u0131n eksiksiz y\u00fcr\u00fct\u00fcld\u00fc\u011f\u00fcn\u00fc a\u00e7\u0131klad\u0131 ve &#8220;\u00c7ok \u00fczg\u00fcn\u00fcz can kayb\u0131m\u0131z var, \u00e7ok \u00fczg\u00fcn\u00fcz yaral\u0131lar\u0131m\u0131z var, t\u00fcm imkanlar\u0131m\u0131zla sahaday\u0131z. Detayl\u0131 bilgilendirmeyi an be an kamuoyu ile payla\u015faca\u011f\u0131z&#8221; dedi.<\/p>\n<p>(\u00d6Z)\u00a0<\/p><\/p>\n","protected":false},"excerpt":{"rendered":"<p>Ba\u015fbakan \u00dcnal \u00dcstel, Girne a\u00e7\u0131klar\u0131ndaki yolcu gemisinde ya\u015fanan kazada can kay\u0131plar\u0131 oldu\u011funu s\u00f6yledi. \u00dcstel, kurtarma \u00e7al\u0131\u015fmalar\u0131n\u0131 yerinden takip etmek \u00fczere Girne Liman\u0131&#8217;na gitti. Ba\u015fbakanl\u0131k\u2019tan yap\u0131lan yaz\u0131l\u0131 a\u00e7\u0131klamaya g\u00f6re, \u00dcstel burada yapt\u0131\u011f\u0131 a\u00e7\u0131klamada, 258 yolcu, 8 m\u00fcrettebat bulunan geminin Girne Liman\u0131&#8217;na 7 kilometre a\u00e7\u0131kta alabora oldu\u011funu s\u00f6yledi. \u00dcstel, Sivil Savunma, Sahil G\u00fcvenlik ve di\u011fer t\u00fcm imkanlar\u0131n &hellip;<\/p>\n","protected":false},"author":1,"featured_media":150341,"comment_status":"open","ping_status":"open","sticky":false,"template":"","format":"standard","meta":{"footnotes":""},"categories":[2],"tags":[1015,353,1870,48609,48608,1016,31620,1112],"class_list":["post-150340","post","type-post","status-publish","format-standard","has-post-thumbnail","hentry","category-kibris","tag-basbakan","tag-can","tag-girne","tag-kaybimiz","tag-limaninda-cok","tag-ustel","tag-uzgunuz","tag-var"],"_links":{"self":[{"href":"https:\/\/www.kibrishost.com\/tak\/wp-json\/wp\/v2\/posts\/150340"}],"collection":[{"href":"https:\/\/www.kibrishost.com\/tak\/wp-json\/wp\/v2\/posts"}],"about":[{"href":"https:\/\/www.kibrishost.com\/tak\/wp-json\/wp\/v2\/types\/post"}],"author":[{"embeddable":true,"href":"https:\/\/www.kibrishost.com\/tak\/wp-json\/wp\/v2\/users\/1"}],"replies":[{"embeddable":true,"href":"https:\/\/www.kibrishost.com\/tak\/wp-json\/wp\/v2\/comments?post=150340"}],"version-history":[{"count":0,"href":"https:\/\/www.kibrishost.com\/tak\/wp-json\/wp\/v2\/posts\/150340\/revisions"}],"wp:featuredmedia":[{"embeddable":true,"href":"https:\/\/www.kibrishost.com\/tak\/wp-json\/wp\/v2\/media\/150341"}],"wp:attachment":[{"href":"https:\/\/www.kibrishost.com\/tak\/wp-json\/wp\/v2\/media?parent=150340"}],"wp:term":[{"taxonomy":"category","embeddable":true,"href":"https:\/\/www.kibrishost.com\/tak\/wp-json\/wp\/v2\/categories?post=150340"},{"taxonomy":"post_tag","embeddable":true,"href":"https:\/\/www.kibrishost.com\/tak\/wp-json\/wp\/v2\/tags?post=150340"}],"curies":[{"name":"wp","href":"https:\/\/api.w.org\/{rel}","templated":true}]}}