{"id":150338,"date":"2026-08-30T15:50:22","date_gmt":"2026-08-30T12:50:22","guid":{"rendered":"https:\/\/www.kibrishost.com\/tak\/ustel-yolcu-gemisinde-yasanan-kazada-6-kisinin-oldugunu-acikladi\/"},"modified":"2026-08-30T15:50:22","modified_gmt":"2026-08-30T12:50:22","slug":"ustel-yolcu-gemisinde-yasanan-kazada-6-kisinin-oldugunu-acikladi","status":"publish","type":"post","link":"https:\/\/www.kibrishost.com\/tak\/ustel-yolcu-gemisinde-yasanan-kazada-6-kisinin-oldugunu-acikladi\/","title":{"rendered":"\u00dcstel yolcu gemisinde ya\u015fanan kazada 6 ki\u015finin \u00f6ld\u00fc\u011f\u00fcn\u00fc a\u00e7\u0131klad\u0131"},"content":{"rendered":"<p>Ba\u015fbakan \u00dcnal \u00dcstel, Girne a\u00e7\u0131klar\u0131nda yolcu gemisinde ya\u015fanan kazada 6 ki\u015finin \u00f6ld\u00fc\u011f\u00fcn\u00fc a\u00e7\u0131klad\u0131. <\/p>\n<p>AA\u2019n\u0131n haberine g\u00f6re Girne Liman\u0131\u2019nda olan \u00dcstel, alabora olan ve 267 ki\u015fiyi ta\u015f\u0131yan gemiden 172 ki\u015finin kurtar\u0131ld\u0131\u011f\u0131n\u0131, 6 ki\u015finin hayat\u0131n\u0131 kaybetti\u011fini, arama kurtarma \u00e7al\u0131\u015fmalar\u0131n\u0131n s\u00fcrd\u00fc\u011f\u00fcn\u00fc bildirdi.<\/p>\n<p>KKTC ve T\u00fcrkiye Cumhuriyeti Sahil G\u00fcvenlik unsurlar\u0131 ile ilgili kurumlar taraf\u0131ndan ba\u015flat\u0131lan arama kurtarma \u00e7al\u0131\u015fmalar\u0131 aral\u0131ks\u0131z s\u00fcrd\u00fcr\u00fcl\u00fcyor.<\/p>\n<\/p>\n<p>\u00a0<\/p><\/p>\n","protected":false},"excerpt":{"rendered":"<p>Ba\u015fbakan \u00dcnal \u00dcstel, Girne a\u00e7\u0131klar\u0131nda yolcu gemisinde ya\u015fanan kazada 6 ki\u015finin \u00f6ld\u00fc\u011f\u00fcn\u00fc a\u00e7\u0131klad\u0131. AA\u2019n\u0131n haberine g\u00f6re Girne Liman\u0131\u2019nda olan \u00dcstel, alabora olan ve 267 ki\u015fiyi ta\u015f\u0131yan gemiden 172 ki\u015finin kurtar\u0131ld\u0131\u011f\u0131n\u0131, 6 ki\u015finin hayat\u0131n\u0131 kaybetti\u011fini, arama kurtarma \u00e7al\u0131\u015fmalar\u0131n\u0131n s\u00fcrd\u00fc\u011f\u00fcn\u00fc bildirdi. KKTC ve T\u00fcrkiye Cumhuriyeti Sahil G\u00fcvenlik unsurlar\u0131 ile ilgili kurumlar taraf\u0131ndan ba\u015flat\u0131lan arama kurtarma \u00e7al\u0131\u015fmalar\u0131 aral\u0131ks\u0131z &hellip;<\/p>\n","protected":false},"author":1,"featured_media":150339,"comment_status":"open","ping_status":"open","sticky":false,"template":"","format":"standard","meta":{"footnotes":""},"categories":[2],"tags":[1587,33168,2289,2761,1352,1016,249,706],"class_list":["post-150338","post","type-post","status-publish","format-standard","has-post-thumbnail","hentry","category-kibris","tag-acikladi","tag-gemisinde","tag-kazada","tag-kisinin","tag-oldugunu","tag-ustel","tag-yasanan","tag-yolcu"],"_links":{"self":[{"href":"https:\/\/www.kibrishost.com\/tak\/wp-json\/wp\/v2\/posts\/150338"}],"collection":[{"href":"https:\/\/www.kibrishost.com\/tak\/wp-json\/wp\/v2\/posts"}],"about":[{"href":"https:\/\/www.kibrishost.com\/tak\/wp-json\/wp\/v2\/types\/post"}],"author":[{"embeddable":true,"href":"https:\/\/www.kibrishost.com\/tak\/wp-json\/wp\/v2\/users\/1"}],"replies":[{"embeddable":true,"href":"https:\/\/www.kibrishost.com\/tak\/wp-json\/wp\/v2\/comments?post=150338"}],"version-history":[{"count":0,"href":"https:\/\/www.kibrishost.com\/tak\/wp-json\/wp\/v2\/posts\/150338\/revisions"}],"wp:featuredmedia":[{"embeddable":true,"href":"https:\/\/www.kibrishost.com\/tak\/wp-json\/wp\/v2\/media\/150339"}],"wp:attachment":[{"href":"https:\/\/www.kibrishost.com\/tak\/wp-json\/wp\/v2\/media?parent=150338"}],"wp:term":[{"taxonomy":"category","embeddable":true,"href":"https:\/\/www.kibrishost.com\/tak\/wp-json\/wp\/v2\/categories?post=150338"},{"taxonomy":"post_tag","embeddable":true,"href":"https:\/\/www.kibrishost.com\/tak\/wp-json\/wp\/v2\/tags?post=150338"}],"curies":[{"name":"wp","href":"https:\/\/api.w.org\/{rel}","templated":true}]}}