{"id":150334,"date":"2026-08-30T15:40:20","date_gmt":"2026-08-30T12:40:20","guid":{"rendered":"https:\/\/www.kibrishost.com\/tak\/kriz-masasi-basbakan-ustel-baskanliginda-toplandi\/"},"modified":"2026-08-30T15:40:23","modified_gmt":"2026-08-30T12:40:23","slug":"kriz-masasi-basbakan-ustel-baskanliginda-toplandi","status":"publish","type":"post","link":"https:\/\/www.kibrishost.com\/tak\/kriz-masasi-basbakan-ustel-baskanliginda-toplandi\/","title":{"rendered":"Kriz masas\u0131 Ba\u015fbakan \u00dcstel ba\u015fkanl\u0131\u011f\u0131nda topland\u0131"},"content":{"rendered":"<p>Girne a\u00e7\u0131klar\u0131nda meydana gelen gemi kazas\u0131n\u0131n ard\u0131ndan olu\u015fturulan Kriz Masas\u0131, Ba\u015fbakan \u00dcnal \u00dcstel ba\u015fkanl\u0131\u011f\u0131nda topland\u0131. Cumhurba\u015fkan\u0131 Tufan Erh\u00fcrman\u2019da olay yerine giderek kriz masas\u0131ndan bilgi ald\u0131.<\/p>\n<p>Ba\u015fbakan \u00dcstel, toplant\u0131da devam eden arama-kurtarma \u00e7al\u0131\u015fmalar\u0131, kay\u0131plar\u0131n durumu, yaral\u0131lar\u0131n tedavi s\u00fcre\u00e7leri ile sahadaki son durum hakk\u0131nda ayr\u0131nt\u0131l\u0131 bilgi ald\u0131.<\/p>\n<p>Ba\u015fbakan\u0131n ba\u015fkanl\u0131k etti\u011fi Kriz Masas\u0131 toplant\u0131s\u0131na Ula\u015ft\u0131rma, Sa\u011fl\u0131k, \u0130\u00e7i\u015fleri, Maliye ve Tar\u0131m Bakanlar\u0131 ile K\u0131br\u0131s T\u00fcrk Bar\u0131\u015f Kuvvetleri Komutan\u0131, G\u00fcvenlik Kuvvetleri Komutan\u0131, Polis Genel M\u00fcd\u00fcr\u00fc ve Sivil Savunma Te\u015fkilat\u0131 Ba\u015fkan\u0131 kat\u0131ld\u0131.<\/p>\n<p>Toplant\u0131da, arama-kurtarma faaliyetlerinin t\u00fcm imkanlar seferber edilerek kesintisiz s\u00fcrd\u00fcr\u00fclmesi, yaral\u0131lar\u0131n tedavi s\u00fcre\u00e7lerinin yak\u0131ndan takip edilmesi ve devletin t\u00fcm kurumlar\u0131n\u0131n tam koordinasyon i\u00e7erisinde hareket etmeye devam etmesi kararla\u015ft\u0131r\u0131ld\u0131.<\/p>\n<p>Ba\u015fbakan \u00dcstel, \u201c\u015eu anda tek \u00f6nceli\u011fimiz insan hayat\u0131d\u0131r. Devletimizin b\u00fct\u00fcn kurumlar\u0131, g\u00fcvenlik g\u00fc\u00e7lerimiz, sa\u011fl\u0131k ekiplerimiz ve arama-kurtarma unsurlar\u0131m\u0131z tam bir koordinasyon i\u00e7erisinde sahadad\u0131r. \u0130htiya\u00e7 duyulan t\u00fcm imkanlar seferber edilmi\u015ftir. S\u00fcreci Kriz Masam\u0131zla birlikte anbean takip ediyoruz.\u201d dedi.<\/p>\n<\/p>\n<p><img decoding=\"async\" width=\"1024\" height=\"768\" src=\"https:\/\/www.kibrishost.com\/tak\/wp-content\/uploads\/2026\/08\/kriz-masasi-basbakan-ustel-baskanliginda-toplandi-1-1024x768.jpeg\" class=\"aligncenter wp-image-150336\" alt=\"Kriz masas\u0131 Ba\u015fbakan \u00dcstel ba\u015fkanl\u0131\u011f\u0131nda topland\u0131\" loading=\"lazy\" srcset=\"https:\/\/www.kibrishost.com\/tak\/wp-content\/uploads\/2026\/08\/kriz-masasi-basbakan-ustel-baskanliginda-toplandi-1-1024x768.jpeg 1024w, https:\/\/www.kibrishost.com\/tak\/wp-content\/uploads\/2026\/08\/kriz-masasi-basbakan-ustel-baskanliginda-toplandi-1-300x225.jpeg 300w, https:\/\/www.kibrishost.com\/tak\/wp-content\/uploads\/2026\/08\/kriz-masasi-basbakan-ustel-baskanliginda-toplandi-1-768x576.jpeg 768w, https:\/\/www.kibrishost.com\/tak\/wp-content\/uploads\/2026\/08\/kriz-masasi-basbakan-ustel-baskanliginda-toplandi-1-1536x1152.jpeg 1536w, https:\/\/www.kibrishost.com\/tak\/wp-content\/uploads\/2026\/08\/kriz-masasi-basbakan-ustel-baskanliginda-toplandi-1.jpeg 1600w\" sizes=\"(max-width: 1024px) 100vw, 1024px\" \/><\/p>\n","protected":false},"excerpt":{"rendered":"<p>Girne a\u00e7\u0131klar\u0131nda meydana gelen gemi kazas\u0131n\u0131n ard\u0131ndan olu\u015fturulan Kriz Masas\u0131, Ba\u015fbakan \u00dcnal \u00dcstel ba\u015fkanl\u0131\u011f\u0131nda topland\u0131. Cumhurba\u015fkan\u0131 Tufan Erh\u00fcrman\u2019da olay yerine giderek kriz masas\u0131ndan bilgi ald\u0131. Ba\u015fbakan \u00dcstel, toplant\u0131da devam eden arama-kurtarma \u00e7al\u0131\u015fmalar\u0131, kay\u0131plar\u0131n durumu, yaral\u0131lar\u0131n tedavi s\u00fcre\u00e7leri ile sahadaki son durum hakk\u0131nda ayr\u0131nt\u0131l\u0131 bilgi ald\u0131. Ba\u015fbakan\u0131n ba\u015fkanl\u0131k etti\u011fi Kriz Masas\u0131 toplant\u0131s\u0131na Ula\u015ft\u0131rma, Sa\u011fl\u0131k, \u0130\u00e7i\u015fleri, Maliye &hellip;<\/p>\n","protected":false},"author":1,"featured_media":150335,"comment_status":"open","ping_status":"open","sticky":false,"template":"","format":"standard","meta":{"footnotes":""},"categories":[2],"tags":[1015,3968,5695,3395,2722,1016],"class_list":["post-150334","post","type-post","status-publish","format-standard","has-post-thumbnail","hentry","category-kibris","tag-basbakan","tag-baskanliginda","tag-kriz","tag-masasi","tag-toplandi","tag-ustel"],"_links":{"self":[{"href":"https:\/\/www.kibrishost.com\/tak\/wp-json\/wp\/v2\/posts\/150334"}],"collection":[{"href":"https:\/\/www.kibrishost.com\/tak\/wp-json\/wp\/v2\/posts"}],"about":[{"href":"https:\/\/www.kibrishost.com\/tak\/wp-json\/wp\/v2\/types\/post"}],"author":[{"embeddable":true,"href":"https:\/\/www.kibrishost.com\/tak\/wp-json\/wp\/v2\/users\/1"}],"replies":[{"embeddable":true,"href":"https:\/\/www.kibrishost.com\/tak\/wp-json\/wp\/v2\/comments?post=150334"}],"version-history":[{"count":1,"href":"https:\/\/www.kibrishost.com\/tak\/wp-json\/wp\/v2\/posts\/150334\/revisions"}],"predecessor-version":[{"id":150337,"href":"https:\/\/www.kibrishost.com\/tak\/wp-json\/wp\/v2\/posts\/150334\/revisions\/150337"}],"wp:featuredmedia":[{"embeddable":true,"href":"https:\/\/www.kibrishost.com\/tak\/wp-json\/wp\/v2\/media\/150335"}],"wp:attachment":[{"href":"https:\/\/www.kibrishost.com\/tak\/wp-json\/wp\/v2\/media?parent=150334"}],"wp:term":[{"taxonomy":"category","embeddable":true,"href":"https:\/\/www.kibrishost.com\/tak\/wp-json\/wp\/v2\/categories?post=150334"},{"taxonomy":"post_tag","embeddable":true,"href":"https:\/\/www.kibrishost.com\/tak\/wp-json\/wp\/v2\/tags?post=150334"}],"curies":[{"name":"wp","href":"https:\/\/api.w.org\/{rel}","templated":true}]}}